{"id":49646,"date":"2016-11-07T19:39:58","date_gmt":"2016-11-07T21:39:58","guid":{"rendered":"http:\/\/pdt-rj.org.br\/?p=49646"},"modified":"2017-04-28T16:03:33","modified_gmt":"2017-04-28T19:03:33","slug":"proposta-de-juliao-amim-cria-conselho-eleitoral-para-escolha-de-ministros-do-stf","status":"publish","type":"post","link":"https:\/\/pdt-rj.org.br\/index.php\/proposta-de-juliao-amim-cria-conselho-eleitoral-para-escolha-de-ministros-do-stf\/","title":{"rendered":"Proposta de Juli\u00e3o Amin cria Conselho Eleitoral para escolha de ministros do STF"},"content":{"rendered":"<p>A C\u00e2mara analisa uma Proposta de Emenda \u00e0 Constitui\u00e7\u00e3o <a href=\"http:\/\/www.camara.gov.br\/proposicoesWeb\/fichadetramitacao?idProposicao=442994\">(PEC) 393\/09<\/a>, do deputado federal <a href=\"https:\/\/www.facebook.com\/JuliaoAminPage\/?fref=ts\">Juli\u00e3o Amin<\/a> (PDT-MA), que cria o Conselho Eleitoral para indica\u00e7\u00e3o dos Ministros do Supremo Tribunal Federal (STF). A proposta tramita em conjunto com a PEC 473\/01.<\/p>\n<p>De acordo com o texto, os onze ministros que comp\u00f5em o STF s\u00e3o escolhidos dentre cidad\u00e3os \u201ccom idade entre trinta e cinco e sessenta e cinco anos, de not\u00e1vel saber jur\u00eddico, reputa\u00e7\u00e3o ilibada e que n\u00e3o tenha sido eleito para mandato pol\u00edtico-partid\u00e1rio nos \u00faltimos cinco anos\u201d.<\/p>\n<p>Atualmente, o Presidente da Rep\u00fablica indica e nomeia os ministros ap\u00f3s a aprova\u00e7\u00e3o da maioria absoluta pelo Senado. A proposta de Juli\u00e3o altera a indica\u00e7\u00e3o, dando ao Conselho Eleitoral, composto por ministros, ju\u00edzes membros dos Minist\u00e9rios P\u00fablicos da Uni\u00e3o e dos Estados e advogados o poder de escolha para Ministro do STF.<\/p>\n<p>O projeto prev\u00ea tamb\u00e9m presen\u00e7a no Conselho de cidad\u00e3os indicados pela C\u00e2mara dos Deputados e Senado Federal, pelo Presidente da Rep\u00fablica, pelas Assembleias Estaduais, pela C\u00e2mara do DF e pelos Governadores.<\/p>\n<p>O presidente do STF comandar\u00e1 o conselho e n\u00e3o ser\u00e1 remunerado pelo cargo. A mat\u00e9ria estabelece quarentena ao ex-ministro do STF, que poder\u00e1 retornar \u00e0s atividades do Direito, ficando vedado exercer advocacia no Supremo pelo prazo de quatro anos, atividade pol\u00edtico-partid\u00e1ria e ocupar cargos vinculados aos poderes Executivo e Legislativo pelo prazo de oito anos.<\/p>\n<p>De acordo com Amin, o projeto inclusive evita que a \u201cCorte Suprema\u201d sofra com a partidariza\u00e7\u00e3o e politiza\u00e7\u00e3o, que s\u00e3o incompat\u00edveis com as qualidades um magistrado deve possuir. \u201cPara isso sugere-se que se desconcentre o poder do chefe do Poder Executivo e o transfira ao conselho eleitoral do supremo tribunal federal que seria composto por conselheiros munidos de carga jur\u00eddica suficiente para distinguir o melhor ministro a ser indicado\u201d.<\/p>\n<!-- AddThis Advanced Settings generic via filter on the_content --><!-- AddThis Share Buttons generic via filter on the_content -->","protected":false},"excerpt":{"rendered":"<p>A C\u00e2mara analisa uma Proposta de Emenda \u00e0 Constitui\u00e7\u00e3o (PEC) 393\/09, do deputado federal Juli\u00e3o Amin (PDT-MA), que cria o Conselho Eleitoral para indica\u00e7\u00e3o dos Ministros do Supremo Tribunal Federal (STF). A proposta tramita em conjunto com a PEC 473\/01. De acordo com o texto, os onze ministros que comp\u00f5em o STF s\u00e3o escolhidos dentre&#8230;<!-- AddThis Advanced Settings generic via filter on wp_trim_excerpt --><!-- AddThis Share Buttons generic via filter on wp_trim_excerpt --><\/p>\n","protected":false},"author":17,"featured_media":49647,"comment_status":"open","ping_status":"open","sticky":false,"template":"","format":"standard","meta":{"_monsterinsights_skip_tracking":false,"_monsterinsights_sitenote_active":false,"_monsterinsights_sitenote_note":"","_monsterinsights_sitenote_category":0,"_uf_show_specific_survey":0,"_uf_disable_surveys":false,"footnotes":""},"categories":[1459],"tags":[1505,2263,1504,38],"class_list":["post-49646","post","type-post","status-publish","format-standard","has-post-thumbnail","hentry","category-congresso","tag-corte-suprema","tag-juliao-amin","tag-ministros-do-stf","tag-pdt"],"acf":[],"_links":{"self":[{"href":"https:\/\/pdt-rj.org.br\/index.php\/wp-json\/wp\/v2\/posts\/49646","targetHints":{"allow":["GET"]}}],"collection":[{"href":"https:\/\/pdt-rj.org.br\/index.php\/wp-json\/wp\/v2\/posts"}],"about":[{"href":"https:\/\/pdt-rj.org.br\/index.php\/wp-json\/wp\/v2\/types\/post"}],"author":[{"embeddable":true,"href":"https:\/\/pdt-rj.org.br\/index.php\/wp-json\/wp\/v2\/users\/17"}],"replies":[{"embeddable":true,"href":"https:\/\/pdt-rj.org.br\/index.php\/wp-json\/wp\/v2\/comments?post=49646"}],"version-history":[{"count":3,"href":"https:\/\/pdt-rj.org.br\/index.php\/wp-json\/wp\/v2\/posts\/49646\/revisions"}],"predecessor-version":[{"id":53734,"href":"https:\/\/pdt-rj.org.br\/index.php\/wp-json\/wp\/v2\/posts\/49646\/revisions\/53734"}],"wp:featuredmedia":[{"embeddable":true,"href":"https:\/\/pdt-rj.org.br\/index.php\/wp-json\/wp\/v2\/media\/49647"}],"wp:attachment":[{"href":"https:\/\/pdt-rj.org.br\/index.php\/wp-json\/wp\/v2\/media?parent=49646"}],"wp:term":[{"taxonomy":"category","embeddable":true,"href":"https:\/\/pdt-rj.org.br\/index.php\/wp-json\/wp\/v2\/categories?post=49646"},{"taxonomy":"post_tag","embeddable":true,"href":"https:\/\/pdt-rj.org.br\/index.php\/wp-json\/wp\/v2\/tags?post=49646"}],"curies":[{"name":"wp","href":"https:\/\/api.w.org\/{rel}","templated":true}]}}