{"id":49569,"date":"2016-11-13T14:08:20","date_gmt":"2016-11-13T16:08:20","guid":{"rendered":"http:\/\/pdt-rj.org.br\/?p=49569"},"modified":"2016-11-13T14:08:20","modified_gmt":"2016-11-13T16:08:20","slug":"prefeituras-pedetistas-estao-entre-as-mais-eficientes-do-pais","status":"publish","type":"post","link":"https:\/\/pdt-rj.org.br\/index.php\/prefeituras-pedetistas-estao-entre-as-mais-eficientes-do-pais\/","title":{"rendered":"Prefeituras pedetistas est\u00e3o entre as mais eficientes do Pa\u00eds"},"content":{"rendered":"<p>De acordo com pesquisa da Folha de S. Paulo, realizada em parceria com o Instituto Datafolha, 79 prefeituras administrados pelo PDT est\u00e3o entre as mais eficientes do Brasil. O levantamento foi feito por meio de uma ferramenta in\u00e9dita, lan\u00e7ada em agosto deste ano, que analisou 5.281 munic\u00edpios, dos quais apenas 24% foram considerados eficientes.<\/p>\n<p>Esse ranking de efici\u00eancia avaliou as cidades que entregam servi\u00e7os b\u00e1sicos \u00e0 popula\u00e7\u00e3o com o menor volume de gastos dos recursos financeiros dispon\u00edveis. Entre as prefeituras sob gest\u00e3o pedetista que aparecem na pesquisa est\u00e3o Fortaleza (CE), Osasco (SP), Pracinha (SP) e Bombinhas (SC). \u00a0De acordo com a pesquisa, elas fizeram bom uso dos recursos, trazendo bons resultados sociais para \u00e1reas b\u00e1sicas como sa\u00fade, educa\u00e7\u00e3o e saneamento.<\/p>\n<p>Em 28\u00ba lugar na pesquisa, Pracinha, administrada pelo prefeito Waldomiro Alves Filho (PDT-SP), foi o munic\u00edpio melhor colocado dentre as prefeituras pedetistas. Conforme aponta o levantamento, a cidade est\u00e1 acima da m\u00e9dia, em todas as \u00e1reas b\u00e1sicas avaliadas pela apura\u00e7\u00e3o.<\/p>\n<p>No que se refere \u00e0 educa\u00e7\u00e3o, por exemplo, a m\u00e9dia do Brasil \u00e9 0,509 e Pracinha alcan\u00e7ou a m\u00e9dia de 0,816. Na sa\u00fade, o percentual nacional \u00e9 de 0,500 e Pracinha se destaca com 0,581. J\u00e1 no saneamento b\u00e1sico, a porcentagem do Brasil \u00e9 de 0,567 e Pracinha se sobressai com a m\u00e9dia de 0,908.<\/p>\n<p>Bombinhas, munic\u00edpio catarinense com cerca de 15 mil habitantes, aparece na pesquisa em 643\u00b0 lugar. De acordo com a prefeita Ana Paula da Silva (PDT- SC) \u2013 reeleita no primeiro turno destas elei\u00e7\u00f5es com mais de 70% dos votos \u2013, o resultados significam que, mesmo em meio \u00e0 crise que o Pa\u00eds enfrenta, ainda existem bons exemplos a serem seguidos.<\/p>\n<p>\u201cBombinhas tem mostrado que, com trabalho digno e o fortalecimento da democracia, podemos conquistar o respeito de toda uma sociedade. Nossa gest\u00e3o foi um marco no desenvolvimento econ\u00f4mico e humano no munic\u00edpio, e mostra que temos acertado na condu\u00e7\u00e3o de nossas a\u00e7\u00f5es, que s\u00e3o baseadas na transpar\u00eancia, na \u00e9tica e na legalidade dos atos administrativos\u201d, destaca Paulinha, como \u00e9 carinhosamente conhecia.<\/p>\n<figure id=\"attachment_49588\" aria-describedby=\"caption-attachment-49588\" style=\"width: 300px\" class=\"wp-caption alignright\"><img loading=\"lazy\" decoding=\"async\" class=\"size-medium wp-image-49588\" src=\"http:\/\/pdt-rj.org.br\/wp-content\/uploads\/2016\/11\/Roberto-Cl\u00e1udio-300x225.jpg\" alt=\"Roberto Cl\u00e1udio, prefeito reeleito em Fortaleza (CE)\" width=\"300\" height=\"225\" srcset=\"https:\/\/pdt-rj.org.br\/wp-content\/uploads\/2016\/11\/Roberto-Cl\u00e1udio-300x225.jpg 300w, https:\/\/pdt-rj.org.br\/wp-content\/uploads\/2016\/11\/Roberto-Cl\u00e1udio-100x75.jpg 100w, https:\/\/pdt-rj.org.br\/wp-content\/uploads\/2016\/11\/Roberto-Cl\u00e1udio-768x576.jpg 768w, https:\/\/pdt-rj.org.br\/wp-content\/uploads\/2016\/11\/Roberto-Cl\u00e1udio-120x90.jpg 120w, https:\/\/pdt-rj.org.br\/wp-content\/uploads\/2016\/11\/Roberto-Cl\u00e1udio.jpg 960w\" sizes=\"auto, (max-width: 300px) 100vw, 300px\" \/><figcaption id=\"caption-attachment-49588\" class=\"wp-caption-text\"><em>Roberto Cl\u00e1udio, prefeito reeleito em Fortaleza (CE)<\/em><\/figcaption><\/figure>\n<p>Em 1.060\u00b0 lugar, Fortaleza, apresenta n\u00fameros significativos nas \u00e1reas da sa\u00fade e de saneamento. O prefeito Roberto Cl\u00e1udio (PDT-CE), reeleito nestas elei\u00e7\u00f5es, ressalta que os dados s\u00e3o a prova de que a sua atua\u00e7\u00e3o com planejamento e responsabilidade tem gerado bons resultados.<\/p>\n<p>&#8220;Fortaleza figurar entre as capitais mais eficientes do Pa\u00eds \u00e9 o resultado de uma gest\u00e3o que prioriza o planejamento e a decis\u00e3o acertada da aplica\u00e7\u00e3o dos recursos. Desde o in\u00edcio da nossa gest\u00e3o, o planejamento virou uma marca n\u00e3o s\u00f3 na estrat\u00e9gia, mas tamb\u00e9m no fazer di\u00e1rio da Prefeitura, pautado na Gest\u00e3o por Resultados\u201d.<\/p>\n<p>Osasco aparece em 1.196\u00b0 lugar na pesquisa, com destaque para a educa\u00e7\u00e3o, conforme explica o prefeito Jorge Lapas (PDT-SP), para quem a pesquisa ressalta que o \u201cdever de casa\u201d foi cumprido. \u201cN\u00f3s fizemos a li\u00e7\u00e3o de casa. Cortamos gastos desnecess\u00e1rios, enxugamos a m\u00e1quina e focamos em \u00e1reas priorit\u00e1rias. A educa\u00e7\u00e3o \u00e9 uma dessas \u00e1reas, que recebem aten\u00e7\u00e3o constante e projetos inovadores. Como resultado, superamos a meta do Ideb ganhamos o selo de munic\u00edpio livre do analfabetismo e o pr\u00eamio pelo nosso projeto de educa\u00e7\u00e3o inclusiva\u201d.<\/p>\n<!-- AddThis Advanced Settings generic via filter on the_content --><!-- AddThis Share Buttons generic via filter on the_content -->","protected":false},"excerpt":{"rendered":"<p>De acordo com pesquisa da Folha de S. Paulo, realizada em parceria com o Instituto Datafolha, 79 prefeituras administrados pelo PDT est\u00e3o entre as mais eficientes do Brasil. O levantamento foi feito por meio de uma ferramenta in\u00e9dita, lan\u00e7ada em agosto deste ano, que analisou 5.281 munic\u00edpios, dos quais apenas 24% foram considerados eficientes. Esse&#8230;<!-- AddThis Advanced Settings generic via filter on wp_trim_excerpt --><!-- AddThis Share Buttons generic via filter on wp_trim_excerpt --><\/p>\n","protected":false},"author":17,"featured_media":49572,"comment_status":"open","ping_status":"open","sticky":false,"template":"","format":"standard","meta":{"_monsterinsights_skip_tracking":false,"_monsterinsights_sitenote_active":false,"_monsterinsights_sitenote_note":"","_monsterinsights_sitenote_category":0,"_uf_show_specific_survey":0,"_uf_disable_surveys":false,"footnotes":""},"categories":[1402,1401,976],"tags":[114,1408,338,1409,1403,1410,519,1411,38,1412,1413,836,852,857,1414,1415],"class_list":["post-49569","post","type-post","status-publish","format-standard","has-post-thumbnail","hentry","category-cidades","category-nacional","category-noticias-em-destaque","tag-ana-paula-da-silva","tag-bombinhas-sc","tag-educacao","tag-folha-de-s-paulo","tag-fortaleza-ce","tag-instituto-datafolha","tag-jorge-lapas","tag-osasco","tag-pdt","tag-pracinha-sp","tag-ranking-de-eficiencia","tag-roberto-claudio","tag-saneamento","tag-saude","tag-servicos-basicos","tag-waldomiro-alves-filho"],"acf":[],"_links":{"self":[{"href":"https:\/\/pdt-rj.org.br\/index.php\/wp-json\/wp\/v2\/posts\/49569","targetHints":{"allow":["GET"]}}],"collection":[{"href":"https:\/\/pdt-rj.org.br\/index.php\/wp-json\/wp\/v2\/posts"}],"about":[{"href":"https:\/\/pdt-rj.org.br\/index.php\/wp-json\/wp\/v2\/types\/post"}],"author":[{"embeddable":true,"href":"https:\/\/pdt-rj.org.br\/index.php\/wp-json\/wp\/v2\/users\/17"}],"replies":[{"embeddable":true,"href":"https:\/\/pdt-rj.org.br\/index.php\/wp-json\/wp\/v2\/comments?post=49569"}],"version-history":[{"count":0,"href":"https:\/\/pdt-rj.org.br\/index.php\/wp-json\/wp\/v2\/posts\/49569\/revisions"}],"wp:featuredmedia":[{"embeddable":true,"href":"https:\/\/pdt-rj.org.br\/index.php\/wp-json\/wp\/v2\/media\/49572"}],"wp:attachment":[{"href":"https:\/\/pdt-rj.org.br\/index.php\/wp-json\/wp\/v2\/media?parent=49569"}],"wp:term":[{"taxonomy":"category","embeddable":true,"href":"https:\/\/pdt-rj.org.br\/index.php\/wp-json\/wp\/v2\/categories?post=49569"},{"taxonomy":"post_tag","embeddable":true,"href":"https:\/\/pdt-rj.org.br\/index.php\/wp-json\/wp\/v2\/tags?post=49569"}],"curies":[{"name":"wp","href":"https:\/\/api.w.org\/{rel}","templated":true}]}}