{"id":49518,"date":"2016-11-01T18:15:08","date_gmt":"2016-11-01T20:15:08","guid":{"rendered":"http:\/\/pdt-rj.org.br\/?p=49518"},"modified":"2016-11-01T18:15:08","modified_gmt":"2016-11-01T20:15:08","slug":"aprovado-projeto-de-assis-do-couto-que-obriga-senha-sonora-para-deficientes-visuais","status":"publish","type":"post","link":"https:\/\/pdt-rj.org.br\/index.php\/aprovado-projeto-de-assis-do-couto-que-obriga-senha-sonora-para-deficientes-visuais\/","title":{"rendered":"Aprovado projeto de Assis do Couto que obriga senha sonora para deficientes visuais"},"content":{"rendered":"<p style=\"text-align: left;\"><img loading=\"lazy\" decoding=\"async\" class=\"alignnone size-medium wp-image-49519 alignright\" src=\"http:\/\/pdt-rj.org.br\/wp-content\/uploads\/2016\/11\/Deputado-Assis-Couto-300x197.jpg\" alt=\"Deputado Assis do Couto\" width=\"300\" height=\"197\" srcset=\"https:\/\/pdt-rj.org.br\/wp-content\/uploads\/2016\/11\/Deputado-Assis-Couto-300x197.jpg 300w, https:\/\/pdt-rj.org.br\/wp-content\/uploads\/2016\/11\/Deputado-Assis-Couto-100x66.jpg 100w, https:\/\/pdt-rj.org.br\/wp-content\/uploads\/2016\/11\/Deputado-Assis-Couto-768x504.jpg 768w, https:\/\/pdt-rj.org.br\/wp-content\/uploads\/2016\/11\/Deputado-Assis-Couto.jpg 1024w, https:\/\/pdt-rj.org.br\/wp-content\/uploads\/2016\/11\/Deputado-Assis-Couto-137x90.jpg 137w\" sizes=\"auto, (max-width: 300px) 100vw, 300px\" \/>A Comiss\u00e3o de Defesa dos Direitos das Pessoas com Defici\u00eancia aprovou o parecer favor\u00e1vel do deputado federal\u00a0<a href=\"https:\/\/www.facebook.com\/deputadoassisdocouto\/?fref=ts\">Assis do Couto<\/a> (PDT-PR), \u00e0 proposta (PL 4369\/16) que obriga os estabelecimentos que utilizam senhas no atendimento ao p\u00fablico a disponibilizar aviso sonoro para pessoas com defici\u00eancia visual. O projeto altera o Estatuto da Pessoa com Defici\u00eancia (Lei\u00a0<a href=\"http:\/\/www2.camara.leg.br\/legin\/fed\/lei\/2015\/lei-13146-6-julho-2015-781174-publicacaooriginal-147468-pl.html\">13.146\/15<\/a>).<\/p>\n<p>De acordo com Assis do Couto, a proposta \u00e9 um aprimoramento ao estatuto que precisa ser adotado.<\/p>\n<p>\u201cA medida aqui proposta \u00e9 merit\u00f3ria, coerente, fact\u00edvel e pouco onerosa. Temos casos de fila por senha em que a pessoa com defici\u00eancia tem de perguntar aos outros \u00e0 hora de sua vez\u201d.<\/p>\n<p>O deputado lembrou que a legisla\u00e7\u00e3o atual j\u00e1 estabelece medidas para facilitar a vida de pessoas com defici\u00eancia visual, como \u00e1udio-descri\u00e7\u00e3o em programas de televis\u00e3o e sem\u00e1foros com equipamento para emitir som.<\/p>\n<!-- AddThis Advanced Settings generic via filter on the_content --><!-- AddThis Share Buttons generic via filter on the_content -->","protected":false},"excerpt":{"rendered":"<p>A Comiss\u00e3o de Defesa dos Direitos das Pessoas com Defici\u00eancia aprovou o parecer favor\u00e1vel do deputado federal\u00a0Assis do Couto (PDT-PR), \u00e0 proposta (PL 4369\/16) que obriga os estabelecimentos que utilizam senhas no atendimento ao p\u00fablico a disponibilizar aviso sonoro para pessoas com defici\u00eancia visual. O projeto altera o Estatuto da Pessoa com Defici\u00eancia (Lei\u00a013.146\/15). De&#8230;<!-- AddThis Advanced Settings generic via filter on wp_trim_excerpt --><!-- AddThis Share Buttons generic via filter on wp_trim_excerpt --><\/p>\n","protected":false},"author":17,"featured_media":0,"comment_status":"open","ping_status":"open","sticky":false,"template":"","format":"standard","meta":{"_monsterinsights_skip_tracking":false,"_monsterinsights_sitenote_active":false,"_monsterinsights_sitenote_note":"","_monsterinsights_sitenote_category":0,"_uf_show_specific_survey":0,"_uf_disable_surveys":false,"footnotes":""},"categories":[1459],"tags":[137,1501,1502,38,1503],"class_list":["post-49518","post","type-post","status-publish","format-standard","hentry","category-congresso","tag-assis-do-couto","tag-comissao-de-defesa-dos-direitos-das-pessoas-com-deficiencia","tag-deputado-assis-couto","tag-pdt","tag-pdt-pr"],"acf":[],"_links":{"self":[{"href":"https:\/\/pdt-rj.org.br\/index.php\/wp-json\/wp\/v2\/posts\/49518","targetHints":{"allow":["GET"]}}],"collection":[{"href":"https:\/\/pdt-rj.org.br\/index.php\/wp-json\/wp\/v2\/posts"}],"about":[{"href":"https:\/\/pdt-rj.org.br\/index.php\/wp-json\/wp\/v2\/types\/post"}],"author":[{"embeddable":true,"href":"https:\/\/pdt-rj.org.br\/index.php\/wp-json\/wp\/v2\/users\/17"}],"replies":[{"embeddable":true,"href":"https:\/\/pdt-rj.org.br\/index.php\/wp-json\/wp\/v2\/comments?post=49518"}],"version-history":[{"count":0,"href":"https:\/\/pdt-rj.org.br\/index.php\/wp-json\/wp\/v2\/posts\/49518\/revisions"}],"wp:attachment":[{"href":"https:\/\/pdt-rj.org.br\/index.php\/wp-json\/wp\/v2\/media?parent=49518"}],"wp:term":[{"taxonomy":"category","embeddable":true,"href":"https:\/\/pdt-rj.org.br\/index.php\/wp-json\/wp\/v2\/categories?post=49518"},{"taxonomy":"post_tag","embeddable":true,"href":"https:\/\/pdt-rj.org.br\/index.php\/wp-json\/wp\/v2\/tags?post=49518"}],"curies":[{"name":"wp","href":"https:\/\/api.w.org\/{rel}","templated":true}]}}