{"id":49490,"date":"2016-10-31T19:06:57","date_gmt":"2016-10-31T21:06:57","guid":{"rendered":"http:\/\/pdt-rj.org.br\/?p=49490"},"modified":"2017-10-26T09:07:26","modified_gmt":"2017-10-26T11:07:26","slug":"roberto-claudio-iniciara-novo-mandato-com-inauguracao-de-obras-e-melhorias-para-a-paopulacao","status":"publish","type":"post","link":"https:\/\/pdt-rj.org.br\/index.php\/roberto-claudio-iniciara-novo-mandato-com-inauguracao-de-obras-e-melhorias-para-a-paopulacao\/","title":{"rendered":"Roberto Cl\u00e1udio iniciar\u00e1 novo mandato com inaugura\u00e7\u00e3o de obras e melhorias para a popula\u00e7\u00e3o"},"content":{"rendered":"<p>O Comit\u00ea Central da campanha de <a href=\"https:\/\/www.facebook.com\/prefeitorobertoclaudio\/?fref=ts\">Roberto Cl\u00e1udio<\/a> (PDT) foi palco de uma grande festa nesse domingo (30) para comemorar a sua reelei\u00e7\u00e3o para prefeito de Fortaleza (CE), nesse segundo turno das elei\u00e7\u00f5es 2016. Entre as lideran\u00e7as pedetistas que prestigiaram a festa, destacam-se o presidenci\u00e1vel <a href=\"https:\/\/www.facebook.com\/cirogomes.ceara?fref=ts\">Ciro Gomes<\/a>, o ex-ministro Cid Gomes e o presidente estadual do partido, deputado federal <a href=\"https:\/\/www.facebook.com\/DeputadoAndreFigueiredo\/?fref=ts\">Andr\u00e9 Figueiredo<\/a>.<\/p>\n<p>O governador <a href=\"https:\/\/www.facebook.com\/camilosantana\/?fref=ts\">Camilo Santana<\/a>, que apoiou publicamente a reelei\u00e7\u00e3o de Roberto Cl\u00e1udio, tamb\u00e9m esteve presenta na comemora\u00e7\u00e3o, onde uma multid\u00e3o aguardava a chegada do prefeito. O pedetista, juntamente com o candidato a vice da coliga\u00e7\u00e3o, Moroni Torgan, recebeu 678.847, o que equivalente a 53,57% dos votos v\u00e1lidos.<\/p>\n<p>Ovacionado por militantes e eleitores, Roberto Cl\u00e1udio agradeceu a presen\u00e7a e apoio dos presentes e anunciou que o pr\u00f3ximo mandato come\u00e7ar\u00e1 com a entrega de mais obras e melhorias \u00e0 popula\u00e7\u00e3o.<\/p>\n<p>Na coletiva de imprensa, o prefeito reeleito revelou que, j\u00e1 nos pr\u00f3ximos meses, pretende inaugurar obras que est\u00e3o em fase de conclus\u00e3o. Ele tamb\u00e9m falou sobre as prioridades no pr\u00f3ximo mandato. &#8220;Queremos garantir maior seguran\u00e7a em pra\u00e7as e espa\u00e7os p\u00fablicos. E, para isso, implantaremos cabines da Guarda Municipal com c\u00e2meras de seguran\u00e7a. Esse trabalho ser\u00e1 integrado com o Raio&#8221;, disse.<\/p>\n<p>Novos Cucas, policl\u00ednicas, Areninhas, reformas dos postos de sa\u00fade e hospitais municipais, obras tur\u00edsticas e corredores exclusivos de \u00f4nibus tamb\u00e9m est\u00e3o na lista de prioridades, segundo Roberto Cl\u00e1udio. &#8220;Vou buscar o recurso e a parceria aonde estiverem dispon\u00edveis&#8221;, adiantou o Prefeito.<\/p>\n<p>A comemora\u00e7\u00e3o no Comit\u00ea Central contou, ainda, com a presen\u00e7a da primeira-dama do munic\u00edpio, Carol Bezerra, do presidente da Assembleia Legislativa do Cear\u00e1, Zezinho Albuquerque e do presidente da C\u00e2mara Municipal de Fortaleza, Salmito Filho.<\/p>\n<p>Roberto Cl\u00e1udio reuniu o maior n\u00famero de partidos para as elei\u00e7\u00f5es deste ano na Capital. A coliga\u00e7\u00e3o \u201cFortaleza s\u00f3 tem a ganhar\u201d contou com 18 legendas apoiando a reelei\u00e7\u00e3o do Prefeito: PP, PDT, PTB, PSL, PTN, PSC, PPS, DEM, PSDC, PRTB, PMB, PTC, PV, PEN, PPL, PSD, PCdoB e Pros.<\/p>\n<!-- AddThis Advanced Settings generic via filter on the_content --><!-- AddThis Share Buttons generic via filter on the_content -->","protected":false},"excerpt":{"rendered":"<p>O Comit\u00ea Central da campanha de Roberto Cl\u00e1udio (PDT) foi palco de uma grande festa nesse domingo (30) para comemorar a sua reelei\u00e7\u00e3o para prefeito de Fortaleza (CE), nesse segundo turno das elei\u00e7\u00f5es 2016. Entre as lideran\u00e7as pedetistas que prestigiaram a festa, destacam-se o presidenci\u00e1vel Ciro Gomes, o ex-ministro Cid Gomes e o presidente estadual&#8230;<!-- AddThis Advanced Settings generic via filter on wp_trim_excerpt --><!-- AddThis Share Buttons generic via filter on wp_trim_excerpt --><\/p>\n","protected":false},"author":17,"featured_media":49491,"comment_status":"open","ping_status":"open","sticky":false,"template":"","format":"standard","meta":{"_monsterinsights_skip_tracking":false,"_monsterinsights_sitenote_active":false,"_monsterinsights_sitenote_note":"","_monsterinsights_sitenote_category":0,"_uf_show_specific_survey":0,"_uf_disable_surveys":false,"footnotes":""},"categories":[976],"tags":[34,1636,211,220,1191,347,1403,38,811,836,1018],"class_list":["post-49490","post","type-post","status-publish","format-standard","has-post-thumbnail","hentry","category-noticias-em-destaque","tag-andre-figueiredo","tag-camilo-santana","tag-cid-gomes","tag-ciro-gomes","tag-comite-central","tag-eleicoes-2016","tag-fortaleza-ce","tag-pdt","tag-reeleicao","tag-roberto-claudio","tag-zezinho-albuquerque"],"acf":[],"_links":{"self":[{"href":"https:\/\/pdt-rj.org.br\/index.php\/wp-json\/wp\/v2\/posts\/49490","targetHints":{"allow":["GET"]}}],"collection":[{"href":"https:\/\/pdt-rj.org.br\/index.php\/wp-json\/wp\/v2\/posts"}],"about":[{"href":"https:\/\/pdt-rj.org.br\/index.php\/wp-json\/wp\/v2\/types\/post"}],"author":[{"embeddable":true,"href":"https:\/\/pdt-rj.org.br\/index.php\/wp-json\/wp\/v2\/users\/17"}],"replies":[{"embeddable":true,"href":"https:\/\/pdt-rj.org.br\/index.php\/wp-json\/wp\/v2\/comments?post=49490"}],"version-history":[{"count":1,"href":"https:\/\/pdt-rj.org.br\/index.php\/wp-json\/wp\/v2\/posts\/49490\/revisions"}],"predecessor-version":[{"id":56146,"href":"https:\/\/pdt-rj.org.br\/index.php\/wp-json\/wp\/v2\/posts\/49490\/revisions\/56146"}],"wp:featuredmedia":[{"embeddable":true,"href":"https:\/\/pdt-rj.org.br\/index.php\/wp-json\/wp\/v2\/media\/49491"}],"wp:attachment":[{"href":"https:\/\/pdt-rj.org.br\/index.php\/wp-json\/wp\/v2\/media?parent=49490"}],"wp:term":[{"taxonomy":"category","embeddable":true,"href":"https:\/\/pdt-rj.org.br\/index.php\/wp-json\/wp\/v2\/categories?post=49490"},{"taxonomy":"post_tag","embeddable":true,"href":"https:\/\/pdt-rj.org.br\/index.php\/wp-json\/wp\/v2\/tags?post=49490"}],"curies":[{"name":"wp","href":"https:\/\/api.w.org\/{rel}","templated":true}]}}