{"id":49466,"date":"2016-10-31T00:17:39","date_gmt":"2016-10-31T02:17:39","guid":{"rendered":"http:\/\/pdt-rj.org.br\/?p=49466"},"modified":"2017-10-26T09:07:26","modified_gmt":"2017-10-26T11:07:26","slug":"pdt-conquista-mais-tres-grandes-prefeituras-no-2o-turno","status":"publish","type":"post","link":"https:\/\/pdt-rj.org.br\/index.php\/pdt-conquista-mais-tres-grandes-prefeituras-no-2o-turno\/","title":{"rendered":"PDT conquista mais tr\u00eas grandes prefeituras no 2\u00ba turno"},"content":{"rendered":"<p>O segundo turno das elei\u00e7\u00f5es 2016, realizado neste domingo (30), confirmou o sucesso da gest\u00e3o pedetista em mais duas grandes capitais do Pa\u00eds, Fortaleza (CE) e S\u00e3o Lu\u00eds (MA), com as reelei\u00e7\u00f5es de <a href=\"https:\/\/www.facebook.com\/prefeitorobertoclaudio\/?fref=ts\">Roberto Cl\u00e1udio<\/a>\u00a0e <a href=\"https:\/\/www.facebook.com\/EdivaldoHolandaJunior\/?fref=ts\">Edivaldo Holanda J\u00fanior<\/a>, respectivamente. J\u00e1 a cidade de Maring\u00e1 (PR) ter\u00e1 a oportunidade de conhecer o trabalho do ex-presidente da C\u00e2mara Municipal, <a href=\"https:\/\/www.facebook.com\/ulisses.maia.1\/?fref=ts\">Ulisses Maia<\/a>.<\/p>\n<p>Em Fortaleza, Roberto Cl\u00e1udio conquistou 678.847 votos, que equivalem a 53,57% da prefer\u00eancia dos eleitores, contra 46, 43% de seu advers\u00e1rio, Capit\u00e3o Wagner. Na reta final da campanha, o atual prefeito da capital cearense sofreu ataques do candidato do PR, que foi punido pela Justi\u00e7a Eleitoral por difama\u00e7\u00e3o.<\/p>\n<p>\u201cVou continuar valorizando o que \u00e9 essencial em Fortaleza: a sa\u00fade. Essa \u00e9 a \u00e1rea em que mais investimos, mas \u00e9 a \u00e1rea que ainda precisa de mais aten\u00e7\u00e3o. O meu compromisso com meu povo me deu a confian\u00e7a de continuar por mais quatro anos trabalhando por n\u00f3s pela cidade. \u00c9 trabalhar pela sa\u00fade como uma grande prioridade&#8221;, disse Roberto Cl\u00e1udio.<\/p>\n<p>Com 285,242 votos, Edivaldo Holanda confirmou a aprova\u00e7\u00e3o de seu governo e conquistou, nas urnas, o direito de continuar o seu governo na capital do Maranh\u00e3o com 53.94%. \u00a0\u201cDepois de tanto trabalho, chegamos ao momento da elei\u00e7\u00e3o, e nesses quase tr\u00eas meses tivemos a chance de mostrar para cidade tudo que foi feito. Agora \u00e9 continuar o trabalho a partir de 2017\u201d, disse Edivaldo Holanda J\u00fanior.<\/p>\n<p>Ulisses Maia conquistou o direito de governar Maring\u00e1 \u2013 terceira maior cidade do Paran\u00e1 e a s\u00e9tima mais populosa da regi\u00e3o sul do Brasil \u2013 com 118.635 votos, ou seja, 58,88% da prefer\u00eancia do eleitorado, contra os 41,12% obtidos por Silvio Barros. &#8220;Quero deixar claro que, a partir de agora, sou prefeito de 100% dos maringaenses. Farei uma administra\u00e7\u00e3o do bem, uma administra\u00e7\u00e3o da paz e do di\u00e1logo&#8221;, disse Maia, durante a festa da vit\u00f3ria.<\/p>\n<!-- AddThis Advanced Settings generic via filter on the_content --><!-- AddThis Share Buttons generic via filter on the_content -->","protected":false},"excerpt":{"rendered":"<p>O segundo turno das elei\u00e7\u00f5es 2016, realizado neste domingo (30), confirmou o sucesso da gest\u00e3o pedetista em mais duas grandes capitais do Pa\u00eds, Fortaleza (CE) e S\u00e3o Lu\u00eds (MA), com as reelei\u00e7\u00f5es de Roberto Cl\u00e1udio\u00a0e Edivaldo Holanda J\u00fanior, respectivamente. J\u00e1 a cidade de Maring\u00e1 (PR) ter\u00e1 a oportunidade de conhecer o trabalho do ex-presidente da&#8230;<!-- AddThis Advanced Settings generic via filter on wp_trim_excerpt --><!-- AddThis Share Buttons generic via filter on wp_trim_excerpt --><\/p>\n","protected":false},"author":17,"featured_media":0,"comment_status":"open","ping_status":"open","sticky":false,"template":"","format":"standard","meta":{"_monsterinsights_skip_tracking":false,"_monsterinsights_sitenote_active":false,"_monsterinsights_sitenote_note":"","_monsterinsights_sitenote_category":0,"_uf_show_specific_survey":0,"_uf_disable_surveys":false,"footnotes":""},"categories":[976],"tags":[336,1403,1667,38,811,836,1619,1023],"class_list":["post-49466","post","type-post","status-publish","format-standard","hentry","category-noticias-em-destaque","tag-edivaldo-holanda-junior","tag-fortaleza-ce","tag-maringa-pr","tag-pdt","tag-reeleicao","tag-roberto-claudio","tag-sao-luis-ma","tag-ulisses-maia"],"acf":[],"_links":{"self":[{"href":"https:\/\/pdt-rj.org.br\/index.php\/wp-json\/wp\/v2\/posts\/49466","targetHints":{"allow":["GET"]}}],"collection":[{"href":"https:\/\/pdt-rj.org.br\/index.php\/wp-json\/wp\/v2\/posts"}],"about":[{"href":"https:\/\/pdt-rj.org.br\/index.php\/wp-json\/wp\/v2\/types\/post"}],"author":[{"embeddable":true,"href":"https:\/\/pdt-rj.org.br\/index.php\/wp-json\/wp\/v2\/users\/17"}],"replies":[{"embeddable":true,"href":"https:\/\/pdt-rj.org.br\/index.php\/wp-json\/wp\/v2\/comments?post=49466"}],"version-history":[{"count":1,"href":"https:\/\/pdt-rj.org.br\/index.php\/wp-json\/wp\/v2\/posts\/49466\/revisions"}],"predecessor-version":[{"id":56148,"href":"https:\/\/pdt-rj.org.br\/index.php\/wp-json\/wp\/v2\/posts\/49466\/revisions\/56148"}],"wp:attachment":[{"href":"https:\/\/pdt-rj.org.br\/index.php\/wp-json\/wp\/v2\/media?parent=49466"}],"wp:term":[{"taxonomy":"category","embeddable":true,"href":"https:\/\/pdt-rj.org.br\/index.php\/wp-json\/wp\/v2\/categories?post=49466"},{"taxonomy":"post_tag","embeddable":true,"href":"https:\/\/pdt-rj.org.br\/index.php\/wp-json\/wp\/v2\/tags?post=49466"}],"curies":[{"name":"wp","href":"https:\/\/api.w.org\/{rel}","templated":true}]}}