{"id":49454,"date":"2016-10-29T21:06:14","date_gmt":"2016-10-29T23:06:14","guid":{"rendered":"http:\/\/pdt-rj.org.br\/?p=49454"},"modified":"2017-10-26T09:07:26","modified_gmt":"2017-10-26T11:07:26","slug":"as-ruas-da-serra-querem-mudanca-afirma-sergio-vidigal","status":"publish","type":"post","link":"https:\/\/pdt-rj.org.br\/index.php\/as-ruas-da-serra-querem-mudanca-afirma-sergio-vidigal\/","title":{"rendered":"\u201cAs ruas da Serra querem mudan\u00e7a\u201d, afirma Sergio Vidigal"},"content":{"rendered":"<div id=\"yui_3_16_0_ym19_1_1477770567085_90339\"><img loading=\"lazy\" decoding=\"async\" class=\"alignnone size-medium wp-image-49455 alignleft\" src=\"http:\/\/pdt-rj.org.br\/wp-content\/uploads\/2016\/10\/528b7148-00e5-48df-8838-5acf742ef77d-300x200.jpg\" alt=\"\u201cAs ruas da Serra querem mudan\u00e7a\u201d, afirma Sergio Vidigal\" width=\"300\" height=\"200\" srcset=\"https:\/\/pdt-rj.org.br\/wp-content\/uploads\/2016\/10\/528b7148-00e5-48df-8838-5acf742ef77d-300x200.jpg 300w, https:\/\/pdt-rj.org.br\/wp-content\/uploads\/2016\/10\/528b7148-00e5-48df-8838-5acf742ef77d-100x67.jpg 100w, https:\/\/pdt-rj.org.br\/wp-content\/uploads\/2016\/10\/528b7148-00e5-48df-8838-5acf742ef77d-768x512.jpg 768w, https:\/\/pdt-rj.org.br\/wp-content\/uploads\/2016\/10\/528b7148-00e5-48df-8838-5acf742ef77d.jpg 1024w, https:\/\/pdt-rj.org.br\/wp-content\/uploads\/2016\/10\/528b7148-00e5-48df-8838-5acf742ef77d-135x90.jpg 135w\" sizes=\"auto, (max-width: 300px) 100vw, 300px\" \/>O \u00faltimo dia da Campanha Vidigal 12 percorreu v\u00e1rios bairros da Serra. Neste s\u00e1bado (29), as carreatas come\u00e7aram ainda de manh\u00e3 na regi\u00e3o de Nova Almeida e Jacara\u00edpe e seguiram na parte da tarde para Feu Rosa e Vila Nova de Colares. <a href=\"https:\/\/www.facebook.com\/vidigalsergio\/?fref=ts\">Sergio Vidigal<\/a> (PDT) conversou com moradores e falou que acredita que a popula\u00e7\u00e3o ir\u00e1 decidir seu voto motivada pelo desejo de mudan\u00e7a.<\/p>\n<p>\u201cHoje \u00e9 um dia de muita anima\u00e7\u00e3o, otimismo. Estamos sendo muito bem recebidos pela popula\u00e7\u00e3o, isso demonstra que as ruas da Serra querem mudan\u00e7a e que amanh\u00e3, com certeza, sairemos vitoriosos com a proposta que trouxemos e debatemos com a comunidade ao longo do per\u00edodo eleitoral\u201d, disse. \u201cCreio que os indecisos poder\u00e3o fazer sua melhor op\u00e7\u00e3o. A expectativa que tenho \u00e9 que essa op\u00e7\u00e3o seja a nossa candidatura\u201d, complementou.<\/p>\n<p><strong>Compromisso com inclus\u00e3o<\/strong><br \/>Vidigal assinou um termo de compromisso para pol\u00edticas de inclus\u00e3o a pessoas com defici\u00eancia no \u00e2mbito laboral, educativo e esportivo, redigido pelo Conselho Municipal das Pessoas com Defici\u00eancia. A presidente Miriam Rocha de Moura e o membro Alexandre Coelho, levaram este documento at\u00e9 o candidato. \u201c\u00c9 um tempo de compromisso para que projetos em andamento tenham continuidade e os criados pelo conselho sejam postos em execu\u00e7\u00e3o. Precisamos desse apoio para que nossos projetos sejam postos em pr\u00e1tica\u201d, comentou a presidente.<\/p>\n<p>Segundo dados do Censo Demogr\u00e1fico 2010 do Instituto Brasileiro de Geografia e Estat\u00edstica (IBGE), 23,9% dos brasileiros declaram ter alguma defici\u00eancia. S\u00f3 na cidade da Serra, mais de 92 mil pessoas declararam ter algum tipo de defici\u00eancia no Censo do IBGE de 2010. Hoje esse montante \u00e9 estimado em 135 mil pessoas.<\/p>\n<p><strong>Vidigal vota \u00e0s 10h30 <\/strong><br \/>Neste domingo, Vidigal vota \u00e0s 10h30 da manh\u00e3 na Escola Estadual de Ensino Fundamental e M\u00e9dio Jacara\u00edpe (Jardim Atl\u00e2ntico). Em seguida acompanha a apura\u00e7\u00e3o de em sua casa, acompanhado de sua fam\u00edlia.<br \/>\u00a0<\/div>\n<!-- AddThis Advanced Settings generic via filter on the_content --><!-- AddThis Share Buttons generic via filter on the_content -->","protected":false},"excerpt":{"rendered":"<p>O \u00faltimo dia da Campanha Vidigal 12 percorreu v\u00e1rios bairros da Serra. Neste s\u00e1bado (29), as carreatas come\u00e7aram ainda de manh\u00e3 na regi\u00e3o de Nova Almeida e Jacara\u00edpe e seguiram na parte da tarde para Feu Rosa e Vila Nova de Colares. Sergio Vidigal (PDT) conversou com moradores e falou que acredita que a popula\u00e7\u00e3o&#8230;<!-- AddThis Advanced Settings generic via filter on wp_trim_excerpt --><!-- AddThis Share Buttons generic via filter on wp_trim_excerpt --><\/p>\n","protected":false},"author":17,"featured_media":0,"comment_status":"open","ping_status":"open","sticky":false,"template":"","format":"standard","meta":{"_monsterinsights_skip_tracking":false,"_monsterinsights_sitenote_active":false,"_monsterinsights_sitenote_note":"","_monsterinsights_sitenote_category":0,"_uf_show_specific_survey":0,"_uf_disable_surveys":false,"footnotes":""},"categories":[976],"tags":[38,873,1449],"class_list":["post-49454","post","type-post","status-publish","format-standard","hentry","category-noticias-em-destaque","tag-pdt","tag-sergio-vidigal","tag-serra-es"],"acf":[],"_links":{"self":[{"href":"https:\/\/pdt-rj.org.br\/index.php\/wp-json\/wp\/v2\/posts\/49454","targetHints":{"allow":["GET"]}}],"collection":[{"href":"https:\/\/pdt-rj.org.br\/index.php\/wp-json\/wp\/v2\/posts"}],"about":[{"href":"https:\/\/pdt-rj.org.br\/index.php\/wp-json\/wp\/v2\/types\/post"}],"author":[{"embeddable":true,"href":"https:\/\/pdt-rj.org.br\/index.php\/wp-json\/wp\/v2\/users\/17"}],"replies":[{"embeddable":true,"href":"https:\/\/pdt-rj.org.br\/index.php\/wp-json\/wp\/v2\/comments?post=49454"}],"version-history":[{"count":1,"href":"https:\/\/pdt-rj.org.br\/index.php\/wp-json\/wp\/v2\/posts\/49454\/revisions"}],"predecessor-version":[{"id":56149,"href":"https:\/\/pdt-rj.org.br\/index.php\/wp-json\/wp\/v2\/posts\/49454\/revisions\/56149"}],"wp:attachment":[{"href":"https:\/\/pdt-rj.org.br\/index.php\/wp-json\/wp\/v2\/media?parent=49454"}],"wp:term":[{"taxonomy":"category","embeddable":true,"href":"https:\/\/pdt-rj.org.br\/index.php\/wp-json\/wp\/v2\/categories?post=49454"},{"taxonomy":"post_tag","embeddable":true,"href":"https:\/\/pdt-rj.org.br\/index.php\/wp-json\/wp\/v2\/tags?post=49454"}],"curies":[{"name":"wp","href":"https:\/\/api.w.org\/{rel}","templated":true}]}}