{"id":49447,"date":"2016-10-29T20:57:58","date_gmt":"2016-10-29T22:57:58","guid":{"rendered":"http:\/\/pdt-rj.org.br\/?p=49447"},"modified":"2017-10-26T09:07:26","modified_gmt":"2017-10-26T11:07:26","slug":"cerca-de-quatro-mil-saudam-edivaldo-holanda-em-sao-luis-ma","status":"publish","type":"post","link":"https:\/\/pdt-rj.org.br\/index.php\/cerca-de-quatro-mil-saudam-edivaldo-holanda-em-sao-luis-ma\/","title":{"rendered":"Cerca de quatro mil sa\u00fadam Edivaldo Holanda em S\u00e3o Lu\u00eds (MA)"},"content":{"rendered":"<p><img loading=\"lazy\" decoding=\"async\" class=\"alignnone size-medium wp-image-49448 alignleft\" src=\"http:\/\/pdt-rj.org.br\/wp-content\/uploads\/2016\/10\/Caminhada-de-Edivaldo-no-Coroadinho-102-300x200.jpg\" alt=\"Caminhada de Edivaldo no Coroadinho (102)\" width=\"300\" height=\"200\" srcset=\"https:\/\/pdt-rj.org.br\/wp-content\/uploads\/2016\/10\/Caminhada-de-Edivaldo-no-Coroadinho-102-300x200.jpg 300w, https:\/\/pdt-rj.org.br\/wp-content\/uploads\/2016\/10\/Caminhada-de-Edivaldo-no-Coroadinho-102-100x67.jpg 100w, https:\/\/pdt-rj.org.br\/wp-content\/uploads\/2016\/10\/Caminhada-de-Edivaldo-no-Coroadinho-102-768x512.jpg 768w, https:\/\/pdt-rj.org.br\/wp-content\/uploads\/2016\/10\/Caminhada-de-Edivaldo-no-Coroadinho-102.jpg 1024w, https:\/\/pdt-rj.org.br\/wp-content\/uploads\/2016\/10\/Caminhada-de-Edivaldo-no-Coroadinho-102-135x90.jpg 135w\" sizes=\"auto, (max-width: 300px) 100vw, 300px\" \/>Uma multid\u00e3o de aproximadamente quatro mil pessoas foi \u00e0s ruas neste s\u00e1bado (29) para manifestar apoio \u00e0 reelei\u00e7\u00e3o do atual prefeito de S\u00e3o Lu\u00eds, Edivaldo Holanda Junior (PDT). A concentra\u00e7\u00e3o aconteceu no bairro Coroadinho e foi a \u00faltima caminhada \u201cTodos com Edivaldo\u201d, desta elei\u00e7\u00e3o municipal de 2016.<\/p>\n<p>Acompanhado do vice da coliga\u00e7\u00e3o \u201cPra Seguir em Frente\u201d e demais lideran\u00e7as comunit\u00e1rias e pol\u00edticas do Polo Coroadinho, Edivaldo agradeceu o carinho dos populares que retribu\u00edam com carinho e muita anima\u00e7\u00e3o.<\/p>\n<p>\u201cSinto-me emocionado pela recep\u00e7\u00e3o que recebi no decorrer da minha campanha, nas caminhadas, nas carreatas, nos encontros com lideran\u00e7as. Aqui no Coroadinho, onde realizamos muitas a\u00e7\u00f5es quero agradecer por esta manifesta\u00e7\u00e3o e espero que amanh\u00e3 votem no 12, prefeito Edivaldo, porque S\u00e3o Lu\u00eds n\u00e3o pode parar\u201d, afirmou Edivaldo.<\/p>\n<p>Para motorista Willami Ferreira Costa, o prefeito Edivaldo fez uma gest\u00e3o transparente e, mesmo com todas as dificuldades econ\u00f4micas encontradas e obst\u00e1culos pol\u00edticos, seguiu adiante. O resultado, segundo ele, foi \u00e0s diversas obras espalhadas que est\u00e3o por toda a cidade.<\/p>\n<p>\u201cT\u00e1 mostrando trabalho! Ent\u00e3o, como dizem, deixa o homem trabalhar para S\u00e3o Lu\u00eds seguir em frente. Edivaldo \u00e9 respons\u00e1vel, crist\u00e3o, honesto e nunca ouvi falar da pessoa dele estar envolvido em qualquer tipo de esc\u00e2ndalo. Meu voto \u00e9 12\u201d, enfatizou.<\/p>\n<p>Depois de passar participar da mega caminhada, Edivaldo e comitiva seguiram para uma super carreata, que come\u00e7ou por volta das 19h, na Avenida dos Africanos, perto da entrada do Parque Timbiras. A estimativa \u00e9 a de que mais de 800 ve\u00edculos (entre carros e motocicletas) fizeram o percurso.<\/p>\n<!-- AddThis Advanced Settings generic via filter on the_content --><!-- AddThis Share Buttons generic via filter on the_content -->","protected":false},"excerpt":{"rendered":"<p>Uma multid\u00e3o de aproximadamente quatro mil pessoas foi \u00e0s ruas neste s\u00e1bado (29) para manifestar apoio \u00e0 reelei\u00e7\u00e3o do atual prefeito de S\u00e3o Lu\u00eds, Edivaldo Holanda Junior (PDT). A concentra\u00e7\u00e3o aconteceu no bairro Coroadinho e foi a \u00faltima caminhada \u201cTodos com Edivaldo\u201d, desta elei\u00e7\u00e3o municipal de 2016. Acompanhado do vice da coliga\u00e7\u00e3o \u201cPra Seguir em&#8230;<!-- AddThis Advanced Settings generic via filter on wp_trim_excerpt --><!-- AddThis Share Buttons generic via filter on wp_trim_excerpt --><\/p>\n","protected":false},"author":17,"featured_media":0,"comment_status":"open","ping_status":"open","sticky":false,"template":"","format":"standard","meta":{"_monsterinsights_skip_tracking":false,"_monsterinsights_sitenote_active":false,"_monsterinsights_sitenote_note":"","_monsterinsights_sitenote_category":0,"_uf_show_specific_survey":0,"_uf_disable_surveys":false,"footnotes":""},"categories":[976],"tags":[336,38],"class_list":["post-49447","post","type-post","status-publish","format-standard","hentry","category-noticias-em-destaque","tag-edivaldo-holanda-junior","tag-pdt"],"acf":[],"_links":{"self":[{"href":"https:\/\/pdt-rj.org.br\/index.php\/wp-json\/wp\/v2\/posts\/49447","targetHints":{"allow":["GET"]}}],"collection":[{"href":"https:\/\/pdt-rj.org.br\/index.php\/wp-json\/wp\/v2\/posts"}],"about":[{"href":"https:\/\/pdt-rj.org.br\/index.php\/wp-json\/wp\/v2\/types\/post"}],"author":[{"embeddable":true,"href":"https:\/\/pdt-rj.org.br\/index.php\/wp-json\/wp\/v2\/users\/17"}],"replies":[{"embeddable":true,"href":"https:\/\/pdt-rj.org.br\/index.php\/wp-json\/wp\/v2\/comments?post=49447"}],"version-history":[{"count":1,"href":"https:\/\/pdt-rj.org.br\/index.php\/wp-json\/wp\/v2\/posts\/49447\/revisions"}],"predecessor-version":[{"id":56150,"href":"https:\/\/pdt-rj.org.br\/index.php\/wp-json\/wp\/v2\/posts\/49447\/revisions\/56150"}],"wp:attachment":[{"href":"https:\/\/pdt-rj.org.br\/index.php\/wp-json\/wp\/v2\/media?parent=49447"}],"wp:term":[{"taxonomy":"category","embeddable":true,"href":"https:\/\/pdt-rj.org.br\/index.php\/wp-json\/wp\/v2\/categories?post=49447"},{"taxonomy":"post_tag","embeddable":true,"href":"https:\/\/pdt-rj.org.br\/index.php\/wp-json\/wp\/v2\/tags?post=49447"}],"curies":[{"name":"wp","href":"https:\/\/api.w.org\/{rel}","templated":true}]}}