{"id":49444,"date":"2016-10-29T20:38:36","date_gmt":"2016-10-29T22:38:36","guid":{"rendered":"http:\/\/pdt-rj.org.br\/?p=49444"},"modified":"2017-10-26T09:07:26","modified_gmt":"2017-10-26T11:07:26","slug":"edivaldo-holanda-se-encontra-com-moradores-e-liderancas-politicas-na-zona-rural-de-sao-luis-ma","status":"publish","type":"post","link":"https:\/\/pdt-rj.org.br\/index.php\/edivaldo-holanda-se-encontra-com-moradores-e-liderancas-politicas-na-zona-rural-de-sao-luis-ma\/","title":{"rendered":"Edivaldo Holanda se encontra com moradores e lideran\u00e7as pol\u00edticas na Zona Rural de S\u00e3o Lu\u00eds (MA"},"content":{"rendered":"<p><img loading=\"lazy\" decoding=\"async\" class=\"alignnone size-medium wp-image-49445 alignleft\" src=\"http:\/\/pdt-rj.org.br\/wp-content\/uploads\/2016\/10\/Reuni\u00e3o-de-Edivaldo-na-Zona-Rural-46-300x200.jpg\" alt=\"Edivaldo Holanda encontra com moradores e lideran\u00e7as pol\u00edticas na Zona Rural de S\u00e3o Lu\u00eds (MA\" width=\"300\" height=\"200\" srcset=\"https:\/\/pdt-rj.org.br\/wp-content\/uploads\/2016\/10\/Reuni\u00e3o-de-Edivaldo-na-Zona-Rural-46-300x200.jpg 300w, https:\/\/pdt-rj.org.br\/wp-content\/uploads\/2016\/10\/Reuni\u00e3o-de-Edivaldo-na-Zona-Rural-46-100x67.jpg 100w, https:\/\/pdt-rj.org.br\/wp-content\/uploads\/2016\/10\/Reuni\u00e3o-de-Edivaldo-na-Zona-Rural-46-768x512.jpg 768w, https:\/\/pdt-rj.org.br\/wp-content\/uploads\/2016\/10\/Reuni\u00e3o-de-Edivaldo-na-Zona-Rural-46.jpg 1024w, https:\/\/pdt-rj.org.br\/wp-content\/uploads\/2016\/10\/Reuni\u00e3o-de-Edivaldo-na-Zona-Rural-46-135x90.jpg 135w\" sizes=\"auto, (max-width: 300px) 100vw, 300px\" \/>Em seu \u00faltimo dia de campanha, o prefeito de S\u00e3o Lu\u00eds e candidato a reelei\u00e7\u00e3o, <a href=\"https:\/\/www.facebook.com\/EdivaldoHolandaJunior\/?fref=ts\">Edivaldo Holanda Junior<\/a> (PDT), participou, nesse s\u00e1bado (29), de grande encontro com a presen\u00e7a de lideran\u00e7as pol\u00edticas e comunit\u00e1rias nas Zonas Rurais I e II. Juntas, as duas Regi\u00f5es abrangem mais de 60 bairros e comunidades da capital.<\/p>\n<p>\u201cVim aqui reafirmar meu compromisso com voc\u00eas. Temos buscado parcerias e feito muito por S\u00e3o Lu\u00eds. Venho pedir mais este voto de confian\u00e7a para prosseguirmos nosso trabalho para os pr\u00f3ximos quatro anos. Amanh\u00e3 (dia 30), vote no 12, prefeito Edivaldo\u201d, disse Edivaldo \u2013 tendo ao\u00a0 lado o vice na chapa, J\u00falio Pinheiro (PCdoB) \u2013 e cercado \u00a0por aproximadamente 1,5 mil pessoas que compareceram aos dois atos de campanha.<\/p>\n<p>Dezenas de moradores se amontoavam para ver e conversar com Edivaldo. Lideran\u00e7as pol\u00edticas e vereadores da coliga\u00e7\u00e3o \u201cPra Seguir em Frente\u201d tamb\u00e9m marcaram presen\u00e7a. Al\u00e9m de representantes comunit\u00e1rios como Z\u00e9 do Po\u00e7o, P\u00e9 no Ch\u00e3o, Marcone Barros, J\u00e9ssica, Paj\u00e9, Bigu, Jo\u00e3o Batista, entre outros.<\/p>\n<p>\u201cFizemos quest\u00e3o que Edivaldo viesse aqui no \u00faltimo dia de campanha para lhe dizer que a Zona Rural est\u00e1 com o prefeito. Todas essas lideran\u00e7as tem a certeza de que, reeleito, Edivaldo vai continuar ajudando as nossas comunidades. Somo todos 12 para o melhor para S\u00e3o Lu\u00eds\u201d, afirmou Z\u00e9 do Po\u00e7o.<\/p>\n<p>Ap\u00f3s os dois encontros realizados na Zona Rural, a comitiva de Edivaldo seguiu para participar de uma caminhada no bairro do Coroadinho para, em seguida, finalizar a campanha com uma carreata que come\u00e7ou na Avenida dos Africanos, na entrada do Parque Timbiras.<\/p>\n<!-- AddThis Advanced Settings generic via filter on the_content --><!-- AddThis Share Buttons generic via filter on the_content -->","protected":false},"excerpt":{"rendered":"<p>Em seu \u00faltimo dia de campanha, o prefeito de S\u00e3o Lu\u00eds e candidato a reelei\u00e7\u00e3o, Edivaldo Holanda Junior (PDT), participou, nesse s\u00e1bado (29), de grande encontro com a presen\u00e7a de lideran\u00e7as pol\u00edticas e comunit\u00e1rias nas Zonas Rurais I e II. Juntas, as duas Regi\u00f5es abrangem mais de 60 bairros e comunidades da capital. \u201cVim aqui&#8230;<!-- AddThis Advanced Settings generic via filter on wp_trim_excerpt --><!-- AddThis Share Buttons generic via filter on wp_trim_excerpt --><\/p>\n","protected":false},"author":17,"featured_media":0,"comment_status":"open","ping_status":"open","sticky":false,"template":"","format":"standard","meta":{"_monsterinsights_skip_tracking":false,"_monsterinsights_sitenote_active":false,"_monsterinsights_sitenote_note":"","_monsterinsights_sitenote_category":0,"_uf_show_specific_survey":0,"_uf_disable_surveys":false,"footnotes":""},"categories":[976],"tags":[336,38,1619,969],"class_list":["post-49444","post","type-post","status-publish","format-standard","hentry","category-noticias-em-destaque","tag-edivaldo-holanda-junior","tag-pdt","tag-sao-luis-ma","tag-zona-rural"],"acf":[],"_links":{"self":[{"href":"https:\/\/pdt-rj.org.br\/index.php\/wp-json\/wp\/v2\/posts\/49444","targetHints":{"allow":["GET"]}}],"collection":[{"href":"https:\/\/pdt-rj.org.br\/index.php\/wp-json\/wp\/v2\/posts"}],"about":[{"href":"https:\/\/pdt-rj.org.br\/index.php\/wp-json\/wp\/v2\/types\/post"}],"author":[{"embeddable":true,"href":"https:\/\/pdt-rj.org.br\/index.php\/wp-json\/wp\/v2\/users\/17"}],"replies":[{"embeddable":true,"href":"https:\/\/pdt-rj.org.br\/index.php\/wp-json\/wp\/v2\/comments?post=49444"}],"version-history":[{"count":1,"href":"https:\/\/pdt-rj.org.br\/index.php\/wp-json\/wp\/v2\/posts\/49444\/revisions"}],"predecessor-version":[{"id":56151,"href":"https:\/\/pdt-rj.org.br\/index.php\/wp-json\/wp\/v2\/posts\/49444\/revisions\/56151"}],"wp:attachment":[{"href":"https:\/\/pdt-rj.org.br\/index.php\/wp-json\/wp\/v2\/media?parent=49444"}],"wp:term":[{"taxonomy":"category","embeddable":true,"href":"https:\/\/pdt-rj.org.br\/index.php\/wp-json\/wp\/v2\/categories?post=49444"},{"taxonomy":"post_tag","embeddable":true,"href":"https:\/\/pdt-rj.org.br\/index.php\/wp-json\/wp\/v2\/tags?post=49444"}],"curies":[{"name":"wp","href":"https:\/\/api.w.org\/{rel}","templated":true}]}}