{"id":49385,"date":"2016-10-27T12:45:52","date_gmt":"2016-10-27T14:45:52","guid":{"rendered":"http:\/\/pdt-rj.org.br\/?p=49385"},"modified":"2016-10-27T12:45:52","modified_gmt":"2016-10-27T14:45:52","slug":"andre-figueiredo-analisa-protecao-e-tratamento-de-dados-dos-brasileiros-na-internet","status":"publish","type":"post","link":"https:\/\/pdt-rj.org.br\/index.php\/andre-figueiredo-analisa-protecao-e-tratamento-de-dados-dos-brasileiros-na-internet\/","title":{"rendered":"Andr\u00e9 Figueiredo analisa prote\u00e7\u00e3o e tratamento de dados dos brasileiros na internet"},"content":{"rendered":"<p><img loading=\"lazy\" decoding=\"async\" class=\"alignnone size-medium wp-image-49386 alignright\" src=\"http:\/\/pdt-rj.org.br\/wp-content\/uploads\/2016\/10\/Andr\u00e9-Figueiredo-analisa-prote\u00e7\u00e3o-e-tratamento-de-dados-dos-brasileiros-300x225.jpg\" alt=\"Andr\u00e9 Figueiredo analisa prote\u00e7\u00e3o e tratamento de dados dos brasileiros\" width=\"300\" height=\"225\" srcset=\"https:\/\/pdt-rj.org.br\/wp-content\/uploads\/2016\/10\/Andr\u00e9-Figueiredo-analisa-prote\u00e7\u00e3o-e-tratamento-de-dados-dos-brasileiros-300x225.jpg 300w, https:\/\/pdt-rj.org.br\/wp-content\/uploads\/2016\/10\/Andr\u00e9-Figueiredo-analisa-prote\u00e7\u00e3o-e-tratamento-de-dados-dos-brasileiros-100x75.jpg 100w, https:\/\/pdt-rj.org.br\/wp-content\/uploads\/2016\/10\/Andr\u00e9-Figueiredo-analisa-prote\u00e7\u00e3o-e-tratamento-de-dados-dos-brasileiros-768x576.jpg 768w, https:\/\/pdt-rj.org.br\/wp-content\/uploads\/2016\/10\/Andr\u00e9-Figueiredo-analisa-prote\u00e7\u00e3o-e-tratamento-de-dados-dos-brasileiros.jpg 1024w, https:\/\/pdt-rj.org.br\/wp-content\/uploads\/2016\/10\/Andr\u00e9-Figueiredo-analisa-prote\u00e7\u00e3o-e-tratamento-de-dados-dos-brasileiros-120x90.jpg 120w\" sizes=\"auto, (max-width: 300px) 100vw, 300px\" \/>O deputado federal Andr\u00e9 Figueiredo (PDT-CE) foi eleito primeiro vice-presidente da Comiss\u00e3o Especial sobre o Projeto de Lei 4060\/2012, que disp\u00f5e sobre o tratamento e a prote\u00e7\u00e3o de dados pessoais no pa\u00eds, incluindo a utiliza\u00e7\u00e3o dentro e fora da internet.<\/p>\n<p>\u00a0Em fun\u00e7\u00e3o da falta de ordenamento jur\u00eddico e institucional sobre as informa\u00e7\u00f5es fornecidas pelo cidad\u00e3o no dia a dia, a proposta prev\u00ea a cria\u00e7\u00e3o de medidas para preservar os direitos individuais e fundamentais, de acordo com a Constitui\u00e7\u00e3o.<\/p>\n<p>Para Andr\u00e9 Figueiredo, a iniciativa representa uma oportunidade de reafirmar, em n\u00edvel mundial, o Brasil como precursor na \u00e1rea. &#8220;Como fizemos no Marco Civil e nos f\u00f3runs de governan\u00e7a da Internet durante a passagem pelo Minist\u00e9rio das Comunica\u00e7\u00f5es, vamos aprofundar o debate sobre esse tema, que reflete diretamente na privacidade dos cidad\u00e3os&#8221;, afirmou.<\/p>\n<p>&nbsp;<\/p>\n<!-- AddThis Advanced Settings generic via filter on the_content --><!-- AddThis Share Buttons generic via filter on the_content -->","protected":false},"excerpt":{"rendered":"<p>O deputado federal Andr\u00e9 Figueiredo (PDT-CE) foi eleito primeiro vice-presidente da Comiss\u00e3o Especial sobre o Projeto de Lei 4060\/2012, que disp\u00f5e sobre o tratamento e a prote\u00e7\u00e3o de dados pessoais no pa\u00eds, incluindo a utiliza\u00e7\u00e3o dentro e fora da internet. \u00a0Em fun\u00e7\u00e3o da falta de ordenamento jur\u00eddico e institucional sobre as informa\u00e7\u00f5es fornecidas pelo cidad\u00e3o&#8230;<!-- AddThis Advanced Settings generic via filter on wp_trim_excerpt --><!-- AddThis Share Buttons generic via filter on wp_trim_excerpt --><\/p>\n","protected":false},"author":17,"featured_media":0,"comment_status":"open","ping_status":"open","sticky":false,"template":"","format":"standard","meta":{"_monsterinsights_skip_tracking":false,"_monsterinsights_sitenote_active":false,"_monsterinsights_sitenote_note":"","_monsterinsights_sitenote_category":0,"_uf_show_specific_survey":0,"_uf_disable_surveys":false,"footnotes":""},"categories":[1459,1401],"tags":[1498,1499,38],"class_list":["post-49385","post","type-post","status-publish","format-standard","hentry","category-congresso","category-nacional","tag-comissao-especial","tag-dados-pessoais","tag-pdt"],"acf":[],"_links":{"self":[{"href":"https:\/\/pdt-rj.org.br\/index.php\/wp-json\/wp\/v2\/posts\/49385","targetHints":{"allow":["GET"]}}],"collection":[{"href":"https:\/\/pdt-rj.org.br\/index.php\/wp-json\/wp\/v2\/posts"}],"about":[{"href":"https:\/\/pdt-rj.org.br\/index.php\/wp-json\/wp\/v2\/types\/post"}],"author":[{"embeddable":true,"href":"https:\/\/pdt-rj.org.br\/index.php\/wp-json\/wp\/v2\/users\/17"}],"replies":[{"embeddable":true,"href":"https:\/\/pdt-rj.org.br\/index.php\/wp-json\/wp\/v2\/comments?post=49385"}],"version-history":[{"count":0,"href":"https:\/\/pdt-rj.org.br\/index.php\/wp-json\/wp\/v2\/posts\/49385\/revisions"}],"wp:attachment":[{"href":"https:\/\/pdt-rj.org.br\/index.php\/wp-json\/wp\/v2\/media?parent=49385"}],"wp:term":[{"taxonomy":"category","embeddable":true,"href":"https:\/\/pdt-rj.org.br\/index.php\/wp-json\/wp\/v2\/categories?post=49385"},{"taxonomy":"post_tag","embeddable":true,"href":"https:\/\/pdt-rj.org.br\/index.php\/wp-json\/wp\/v2\/tags?post=49385"}],"curies":[{"name":"wp","href":"https:\/\/api.w.org\/{rel}","templated":true}]}}