{"id":49369,"date":"2016-10-26T18:22:54","date_gmt":"2016-10-26T20:22:54","guid":{"rendered":"http:\/\/pdt-rj.org.br\/?p=49369"},"modified":"2017-10-26T09:07:27","modified_gmt":"2017-10-26T11:07:27","slug":"pdt-do-acre-cresce-500-em-quatro-anos","status":"publish","type":"post","link":"https:\/\/pdt-rj.org.br\/index.php\/pdt-do-acre-cresce-500-em-quatro-anos\/","title":{"rendered":"PDT do Acre cresce 500% em quatro anos"},"content":{"rendered":"<p>As elei\u00e7\u00f5es deste ano definiram o PDT como o partido que mais cresceu no estado do Acre. Em 22 cidades, foram 121 candidatos ao cargo de vereador, dois a vice-prefeito e um a prefeito, com 11 vereadores e um vice-prefeito eleitos. Estes n\u00fameros representam um crescimento de 500%, em rela\u00e7\u00e3o ao pleito de 2012 e, segundo a Dire\u00e7\u00e3o do partido, \u00e9 fruto do reconhecimento da sigla junto \u00e0 sociedade.<\/p>\n<p>\u201cEste cen\u00e1rio demonstra que estamos caminhando a passos largos e firmes, seguindo sempre as diretrizes tra\u00e7adas pela executiva Nacional do Partido\u201d, afirma o presidente estadual do partido, <a href=\"https:\/\/www.facebook.com\/deputadotche?fref=ts\">Jos\u00e9 Luis Tch\u00ea<\/a>.\u00a0\u201cO planejamento, o empenho e o comprometimento dos candidatos contribu\u00edram muito para o crescimento do PDT. O partido apresentou \u00e0 sociedade a esperan\u00e7a de um ambiente pol\u00edtico novo, pautado pela transpar\u00eancia, com ideias que v\u00e3o ao encontro dos verdadeiros anseios da popula\u00e7\u00e3o\u201d, enfatiza.<\/p>\n<p><strong>Estado diferente<\/strong><\/p>\n<p>Luis Tch\u00ea destaca o ambiente pol\u00edtico do Acre, que se difere da maioria dos estados brasileiros, sobretudo devido \u00e0 localiza\u00e7\u00e3o de seus 22 munic\u00edpios, alguns isolados, aos quais s\u00f3 se tem acesso em avi\u00e3o fretado.\u00a0 Essa realidade acarreta um grande custo operacional para o deslocamento, produ\u00e7\u00e3o de material, e forma\u00e7\u00e3o pol\u00edtica que acabam por onerar em demasia o trabalho a ser realizado, todos os obst\u00e1culos transpon\u00edveis.<\/p>\n<p>E \u00e9 nesse cen\u00e1rio que o PDT acreano atingiu cerca de 7% dos votos v\u00e1lidos, ficando atr\u00e1s apenas de duas agremia\u00e7\u00f5es partid\u00e1rias, devido ao amplo n\u00famero de candidatos postulantes e cargos majorit\u00e1rios.<\/p>\n<p>Outra conquista foi a elei\u00e7\u00e3o inconteste da candidata Elzinha Mendon\u00e7a, a vereadora mais votada, e primeira mulher eleita na capital em 30 anos de exist\u00eancia do partido do Estado. \u201cTudo isso, na esteira do que apregoa o PDT em seu compromisso com o movimento das mulheres, n\u00e3o s\u00f3 no Estado do Acre com em todo Brasil\u201d, pontua Luis Tch\u00ea.<\/p>\n<p>Em Cruzeiro do Sul, a segunda cidade mais populosa do estado, o PDT tamb\u00e9m conseguiu \u00eaxito junto com a dire\u00e7\u00e3o do presidente da executiva municipal, Paulo Soriano. O partido se consagrou o segundo mais votado e elegeu um ter\u00e7o dos membros da C\u00e2mara Municipal, protagonizando algo in\u00e9dito.<\/p>\n<p>Para o presidente estadual, esse crescimento do PDT no Acre coloca o partido em uma posi\u00e7\u00e3o de destaque no cen\u00e1rio pol\u00edtico do estado e torna inarred\u00e1vel a sua participa\u00e7\u00e3o ativa nas disputas majorit\u00e1rias nas pr\u00f3ximas elei\u00e7\u00f5es. \u201cEstamos montando um grande movimento, no intuito de construir um planejamento estrat\u00e9gico para oferecer um novo modelo de governan\u00e7a, tendo como norte, o plano de governo do nosso futuro Presidente da Rep\u00fablica, Ciro Gomes\u201d, afirma.<\/p>\n<p>\u201cEstamos unidos e otimistas, e sabemos que juntos com a dire\u00e7\u00e3o nacional e com a confian\u00e7a do nosso Presidente Carlos Lupi, iremos reescrever a hist\u00f3ria pol\u00edtica do Acre, ao passo que protagonizaremos, uma vez mais, um dos momentos mais importantes\u201d, vislumbra Jos\u00e9\u00a0Luis Tch\u00ea.<\/p>\n<!-- AddThis Advanced Settings generic via filter on the_content --><!-- AddThis Share Buttons generic via filter on the_content -->","protected":false},"excerpt":{"rendered":"<p>As elei\u00e7\u00f5es deste ano definiram o PDT como o partido que mais cresceu no estado do Acre. Em 22 cidades, foram 121 candidatos ao cargo de vereador, dois a vice-prefeito e um a prefeito, com 11 vereadores e um vice-prefeito eleitos. Estes n\u00fameros representam um crescimento de 500%, em rela\u00e7\u00e3o ao pleito de 2012 e,&#8230;<!-- AddThis Advanced Settings generic via filter on wp_trim_excerpt --><!-- AddThis Share Buttons generic via filter on wp_trim_excerpt --><\/p>\n","protected":false},"author":17,"featured_media":49371,"comment_status":"open","ping_status":"open","sticky":false,"template":"","format":"standard","meta":{"_monsterinsights_skip_tracking":false,"_monsterinsights_sitenote_active":false,"_monsterinsights_sitenote_note":"","_monsterinsights_sitenote_category":0,"_uf_show_specific_survey":0,"_uf_disable_surveys":false,"footnotes":""},"categories":[976],"tags":[1659,196,220,1660,38],"class_list":["post-49369","post","type-post","status-publish","format-standard","has-post-thumbnail","hentry","category-noticias-em-destaque","tag-acre","tag-carlos-lupi","tag-ciro-gomes","tag-jose-luis-tche","tag-pdt"],"acf":[],"_links":{"self":[{"href":"https:\/\/pdt-rj.org.br\/index.php\/wp-json\/wp\/v2\/posts\/49369","targetHints":{"allow":["GET"]}}],"collection":[{"href":"https:\/\/pdt-rj.org.br\/index.php\/wp-json\/wp\/v2\/posts"}],"about":[{"href":"https:\/\/pdt-rj.org.br\/index.php\/wp-json\/wp\/v2\/types\/post"}],"author":[{"embeddable":true,"href":"https:\/\/pdt-rj.org.br\/index.php\/wp-json\/wp\/v2\/users\/17"}],"replies":[{"embeddable":true,"href":"https:\/\/pdt-rj.org.br\/index.php\/wp-json\/wp\/v2\/comments?post=49369"}],"version-history":[{"count":1,"href":"https:\/\/pdt-rj.org.br\/index.php\/wp-json\/wp\/v2\/posts\/49369\/revisions"}],"predecessor-version":[{"id":56155,"href":"https:\/\/pdt-rj.org.br\/index.php\/wp-json\/wp\/v2\/posts\/49369\/revisions\/56155"}],"wp:featuredmedia":[{"embeddable":true,"href":"https:\/\/pdt-rj.org.br\/index.php\/wp-json\/wp\/v2\/media\/49371"}],"wp:attachment":[{"href":"https:\/\/pdt-rj.org.br\/index.php\/wp-json\/wp\/v2\/media?parent=49369"}],"wp:term":[{"taxonomy":"category","embeddable":true,"href":"https:\/\/pdt-rj.org.br\/index.php\/wp-json\/wp\/v2\/categories?post=49369"},{"taxonomy":"post_tag","embeddable":true,"href":"https:\/\/pdt-rj.org.br\/index.php\/wp-json\/wp\/v2\/tags?post=49369"}],"curies":[{"name":"wp","href":"https:\/\/api.w.org\/{rel}","templated":true}]}}