{"id":49368,"date":"2016-10-26T18:43:26","date_gmt":"2016-10-26T20:43:26","guid":{"rendered":"http:\/\/pdt-rj.org.br\/?post_type=artigo&#038;p=49368"},"modified":"2017-01-16T09:50:26","modified_gmt":"2017-01-16T11:50:26","slug":"a-coerencia-em-1o-lugar","status":"publish","type":"post","link":"https:\/\/pdt-rj.org.br\/index.php\/a-coerencia-em-1o-lugar\/","title":{"rendered":"A coer\u00eancia em 1\u00ba lugar"},"content":{"rendered":"<p>O apoio do PDT de Mato Grosso \u00e0 candidatura de Emanuel Pinheiro no 2\u00ba turno das elei\u00e7\u00f5es para prefeito de Cuiab\u00e1 \u00e9 antes de qualquer coisa, a confirma\u00e7\u00e3o da coer\u00eancia de uma legenda que n\u00e3o se pauta pelo \u201ctoma-da-c\u00e1\u201d da velha e tradicional pol\u00edtica.<\/p>\n<p>A emblem\u00e1tica luta do PDT-MT pela garantia do direito legal dos servidores do Estado, pela reposi\u00e7\u00e3o salarial legal e justa, contida no RGA \u00e9 apenas a ponta de um iceberg profundo que se esconde no mar revolto da pol\u00edtica comandada pelo governo do Estado.<\/p>\n<p>Coerente com sua hist\u00f3ria, nosso presidente deputado Zeca Viana, manteve no segundo mandato, a mesma trajet\u00f3ria do primeiro. Fiscalizou e denunciou os desmandos do Executivo, que \u00e9 uma das fun\u00e7\u00f5es constitucionais do parlamento em qualquer esfera.<\/p>\n<p>A posi\u00e7\u00e3o do deputado n\u00e3o est\u00e1 ancorada no fato de o governador ter sido eleito pela legenda, t\u00ea-la abandonado ou por ter passado a tratar seus verdadeiros companheiros como inimigos pol\u00edticos.<\/p>\n<p>A posi\u00e7\u00e3o do deputado est\u00e1 ancorada no fato de ser esse o papel exercido por ele durante o primeiro mandato e a continua\u00e7\u00e3o da postura foi promessa de palanque em 2014, independente do nome que ocupasse o Paiagu\u00e1s. Taques incluso.<\/p>\n<p>O candidato Wilson Santos, l\u00edder do governo na Assembl\u00e9ia desde a primeira hora desta legislatura, \u00e9 a personifica\u00e7\u00e3o desse imobilismo que hoje se materializa na administra\u00e7\u00e3o estadual. Onde, por exemplo, sua contribui\u00e7\u00e3o na educa\u00e7\u00e3o, se personifica na indica\u00e7\u00e3o de Perm\u00ednio Pinto para a Secretaria de Educa\u00e7\u00e3o, cuja obra mais vis\u00edvel \u00e9 sua pr\u00f3pria pris\u00e3o por corrup\u00e7\u00e3o, como afirma o GAECO.<\/p>\n<p>Wilson como prefeito n\u00e3o respeitou aos eleitores e abandonou o mandato, deixando o legado da ETA Tijucal e a pris\u00e3o de auxiliares. Foi o porta-bandeiras de Taques no calote aos servidores. A derrota anunciada de Wilson Santos \u00e9 a derrota pessoal de Pedro Taques, que jogou em Wilson todas as fichas pol\u00edticas de um cacife pol\u00edtico conquistado nas costas e na sola dos sapatos dos pedetistas e usufru\u00eddo pela plumagem tucana de alto coturno.<\/p>\n<p>Com esse hist\u00f3rico, n\u00e3o seria coerente apoiar a candidatura de Wilson Santos. O PDT-MT n\u00e3o prega o voto nulo, por raz\u00f5es republicanas e democr\u00e1ticas.<\/p>\n<p>O apoio a Emanuel Pinheiro \u00e9 fruto de uma conviv\u00eancia de dois mandatos e pela constata\u00e7\u00e3o inequ\u00edvoca de que Emanuel esteve sempre ao lado bem, ajudando a aprovar recursos para as APAES e outras entidades filantr\u00f3picas de apoio aos mais necessitados, a fiscaliza\u00e7\u00e3o de atos do Executivo cuidando da correta aplica\u00e7\u00e3o dos recursos do povo e exigindo provid\u00eancias nos esc\u00e2ndalos.<\/p>\n<p>Ao assumir as bandeiras de luta do PDT-MT, que \u00e9 a valoriza\u00e7\u00e3o do servidor p\u00fablico, o empoderamento pol\u00edtico da mulher mato-grossense, a prioridade para a educa\u00e7\u00e3o inclusiva e de qualidade, o desenvolvimento baseado na meritocracia e na produtividade. Emanuel Pinheiro \u00e9 o nome que representa os anseios e as vontades dos membros do PDT-MT.<\/p>\n<p>Apoi\u00e1-lo \u00e9 a confirma\u00e7\u00e3o da coer\u00eancia que baliza o projeto pol\u00edtico do PDT-MT, muito distante do \u201ctoma-l\u00e1-da-c\u00e1\u201d dos pol\u00edticos tradicionais e em sintonia com os novos tempos de gente com gosto pelo social e pelo interesse maior de servir a nossa gente.<\/p>\n<p>Parab\u00e9ns pedetistas \u2013 Sigamos em frente!<\/p>\n<p>&nbsp;<\/p>\n<p><em><strong>* Renata Viana \u00e9 secret\u00e1ria-geral do PDT de Mato Grosso<\/strong><\/em><\/p>\n<!-- AddThis Advanced Settings generic via filter on the_content --><!-- AddThis Share Buttons generic via filter on the_content -->","protected":false},"excerpt":{"rendered":"<p>O apoio do PDT de Mato Grosso \u00e0 candidatura de Emanuel Pinheiro no 2\u00ba turno das elei\u00e7\u00f5es para prefeito de Cuiab\u00e1 \u00e9 antes de qualquer coisa, a confirma\u00e7\u00e3o da coer\u00eancia de uma legenda que n\u00e3o se pauta pelo \u201ctoma-da-c\u00e1\u201d da velha e tradicional pol\u00edtica. A emblem\u00e1tica luta do PDT-MT pela garantia do direito legal dos&#8230;<!-- AddThis Advanced Settings generic via filter on wp_trim_excerpt --><!-- AddThis Share Buttons generic via filter on wp_trim_excerpt --><\/p>\n","protected":false},"author":17,"featured_media":0,"comment_status":"closed","ping_status":"closed","sticky":false,"template":"","format":"standard","meta":{"_monsterinsights_skip_tracking":false,"_monsterinsights_sitenote_active":false,"_monsterinsights_sitenote_note":"","_monsterinsights_sitenote_category":0,"_uf_show_specific_survey":0,"_uf_disable_surveys":false,"footnotes":""},"categories":[1584],"tags":[344,1228,1131,966],"class_list":["post-49368","post","type-post","status-publish","format-standard","hentry","category-artigos","tag-eleicoes","tag-pdt-mt","tag-renata-viana","tag-zeca-viana"],"acf":[],"_links":{"self":[{"href":"https:\/\/pdt-rj.org.br\/index.php\/wp-json\/wp\/v2\/posts\/49368","targetHints":{"allow":["GET"]}}],"collection":[{"href":"https:\/\/pdt-rj.org.br\/index.php\/wp-json\/wp\/v2\/posts"}],"about":[{"href":"https:\/\/pdt-rj.org.br\/index.php\/wp-json\/wp\/v2\/types\/post"}],"author":[{"embeddable":true,"href":"https:\/\/pdt-rj.org.br\/index.php\/wp-json\/wp\/v2\/users\/17"}],"replies":[{"embeddable":true,"href":"https:\/\/pdt-rj.org.br\/index.php\/wp-json\/wp\/v2\/comments?post=49368"}],"version-history":[{"count":1,"href":"https:\/\/pdt-rj.org.br\/index.php\/wp-json\/wp\/v2\/posts\/49368\/revisions"}],"predecessor-version":[{"id":52163,"href":"https:\/\/pdt-rj.org.br\/index.php\/wp-json\/wp\/v2\/posts\/49368\/revisions\/52163"}],"wp:attachment":[{"href":"https:\/\/pdt-rj.org.br\/index.php\/wp-json\/wp\/v2\/media?parent=49368"}],"wp:term":[{"taxonomy":"category","embeddable":true,"href":"https:\/\/pdt-rj.org.br\/index.php\/wp-json\/wp\/v2\/categories?post=49368"},{"taxonomy":"post_tag","embeddable":true,"href":"https:\/\/pdt-rj.org.br\/index.php\/wp-json\/wp\/v2\/tags?post=49368"}],"curies":[{"name":"wp","href":"https:\/\/api.w.org\/{rel}","templated":true}]}}