{"id":49361,"date":"2016-10-26T10:49:39","date_gmt":"2016-10-26T12:49:39","guid":{"rendered":"http:\/\/pdt-rj.org.br\/?post_type=artigo&#038;p=49361"},"modified":"2017-01-16T09:51:32","modified_gmt":"2017-01-16T11:51:32","slug":"o-golpe-e-nosso-o-pre-sal-e-vosso","status":"publish","type":"post","link":"https:\/\/pdt-rj.org.br\/index.php\/o-golpe-e-nosso-o-pre-sal-e-vosso\/","title":{"rendered":"O Golpe \u00e9 nosso, o Pr\u00e9-sal \u00e9 vosso"},"content":{"rendered":"<p id=\"yui_3_16_0_ym19_1_1477485594287_2988\" class=\"yiv8319229794MsoNormal\" style=\"text-align: left;\" align=\"center\"><span id=\"yui_3_16_0_ym19_1_1477485594287_3082\"> <img loading=\"lazy\" decoding=\"async\" class=\"size-medium wp-image-49364 alignleft\" src=\"http:\/\/pdt-rj.org.br\/wp-content\/uploads\/2016\/10\/bandeira-1-2-300x183.jpg\" alt=\"Bandeira Estados Unidos - Pr\u00e9-sal\" width=\"300\" height=\"183\" srcset=\"https:\/\/pdt-rj.org.br\/wp-content\/uploads\/2016\/10\/bandeira-1-2-300x183.jpg 300w, https:\/\/pdt-rj.org.br\/wp-content\/uploads\/2016\/10\/bandeira-1-2-100x61.jpg 100w, https:\/\/pdt-rj.org.br\/wp-content\/uploads\/2016\/10\/bandeira-1-2-768x469.jpg 768w, https:\/\/pdt-rj.org.br\/wp-content\/uploads\/2016\/10\/bandeira-1-2-147x90.jpg 147w, https:\/\/pdt-rj.org.br\/wp-content\/uploads\/2016\/10\/bandeira-1-2.jpg 848w\" sizes=\"auto, (max-width: 300px) 100vw, 300px\" \/>Essa declara\u00e7\u00e3o, presumivelmente, deve ter sido feita pelo Presidente Temer, ao receber o presidente da multinacional SHELL <i id=\"yui_3_16_0_ym19_1_1477485594287_3263\"><span id=\"yui_3_16_0_ym19_1_1477485594287_3262\">Ben van Beurden.\u00a0<\/span><\/i><\/span><\/p>\n<p class=\"yiv8319229794MsoNormal\" style=\"text-align: left;\" align=\"center\"><i id=\"yui_3_16_0_ym19_1_1477485594287_3265\"><span id=\"yui_3_16_0_ym19_1_1477485594287_3264\">Esse encontro, \u201ccasual\u201d, ocorreu dia 27 de setembro \u00faltimo, logo depois do presidente Pedro Parente da Petrobr\u00e1s, entregar ao presidente golpista, o plano de investimento para 2017\/2021 e defender a libera\u00e7\u00e3o da Petrobr\u00e1s da obriga\u00e7\u00e3o na explora\u00e7\u00e3o da camada PR\u00c9-SAL, beneficiando as multinacionais.<\/span><\/i><\/p>\n<p class=\"yiv8319229794MsoNormal\"><i>Deve ter sido uma visita de cortesia e de agradecimento pelo presente neoliberal.<\/i><\/p>\n<p class=\"yiv8319229794MsoNormal\"><i>H\u00e1 63 anos nasceu a Petrobr\u00e1s, atrav\u00e9s da Lei 2004, de 03 de outubro de 1953, filha leg\u00edtima de brasileiros corajosos que defenderam a sua cria\u00e7\u00e3o, empunhando a bandeira nacionalista do \u201cpetr\u00f3leo \u00e9 nosso\u201d sob a prote\u00e7\u00e3o do seu criador o Presidente Get\u00falio Vargas.<\/i><\/p>\n<p id=\"yui_3_16_0_ym19_1_1477485594287_3285\" class=\"yiv8319229794MsoNormal\"><i id=\"yui_3_16_0_ym19_1_1477485594287_3284\"><span id=\"yui_3_16_0_ym19_1_1477485594287_3283\">H\u00e1 10 anos, no dia 7 de setembro de 2006, o Presidente Lula, numa clara alus\u00e3o a nova independ\u00eancia do Brasil, agora no campo da energia e da economia, anunciou aos brasileiros e ao mundo a descoberta das reservas gigantescas de petr\u00f3leo na camada pr\u00e9-sal do campo de Tupi, na bacia de Santos.<\/span><\/i><\/p>\n<p id=\"yui_3_16_0_ym19_1_1477485594287_3230\" class=\"yiv8319229794MsoNormal\"><i id=\"yui_3_16_0_ym19_1_1477485594287_3229\"><span id=\"yui_3_16_0_ym19_1_1477485594287_3228\">Esse anuncio sinalizou aos entreguistas de plant\u00e3o que, ao contr\u00e1rio das concess\u00f5es realizadas com a quebra do monop\u00f3lio da Petrobr\u00e1s, pela Lei 9.478, de 1997, no governo FHC, os dividendos auferidos na explora\u00e7\u00e3o e produ\u00e7\u00e3o do PR\u00c9-SAL, deveriam ser direcionados, prioritariamente, para uma revolu\u00e7\u00e3o pela educa\u00e7\u00e3o, \u00fanica forma de atingirmos a verdadeira independ\u00eancia.<\/span><\/i><\/p>\n<p id=\"yui_3_16_0_ym19_1_1477485594287_3282\" class=\"yiv8319229794MsoNormal\"><i id=\"yui_3_16_0_ym19_1_1477485594287_3281\"><span id=\"yui_3_16_0_ym19_1_1477485594287_3280\">Para Brizola \u201ca educa\u00e7\u00e3o \u00e9 o \u00fanico caminho para emancipar o homem. Desenvolvimento sem educa\u00e7\u00e3o \u00e9 cria\u00e7\u00e3o de riqueza apenas para alguns privilegiados. \u00c9 fazer os ricos mais ricos e poderosos e os pobres mais dependentes. \u00c9 necess\u00e1rio que o povo participe dos lucros sociais do desenvolvimento\u201d.<\/span><\/i><\/p>\n<p id=\"yui_3_16_0_ym19_1_1477485594287_3269\" class=\"yiv8319229794MsoNormal\"><i id=\"yui_3_16_0_ym19_1_1477485594287_3268\"><span id=\"yui_3_16_0_ym19_1_1477485594287_3267\">Ledo engano. Eis que os entreguistas neoliberais, representantes no Brasil das multi e transacionais, os mesmos que \u201csuicidaram\u201d o Presidente Vargas, em 1954 e que quebraram o monop\u00f3lio da Petrobr\u00e1s, em 1997, agora, atrav\u00e9s de um golpe parlamentar, voltam-se novamente contra o povo e derrubam a \u00faltima fronteira da nossa independ\u00eancia econ\u00f4mica, atrav\u00e9s dos projetos PL-131\/2015 e PL-4567\/2016 do senador entreguista Jos\u00e9 Serra, que altera a lei do Pr\u00e9-sal, desobrigando a Petrobr\u00e1s da condi\u00e7\u00e3o de \u00fanica operadora, o passaporte para entrada do capital espoliativo.<\/span><\/i><\/p>\n<p id=\"yui_3_16_0_ym19_1_1477485594287_3313\" class=\"yiv8319229794MsoNormal\"><i id=\"yui_3_16_0_ym19_1_1477485594287_3312\"><span id=\"yui_3_16_0_ym19_1_1477485594287_3311\">Nesse contexto o nosso pr\u00e9-sal ser\u00e1 dos donos do insaci\u00e1vel capital alien\u00edgena, que n\u00e3o se contentou apenas com parte do nosso petr\u00f3leo, vieram agora cobrar a conta da participa\u00e7\u00e3o no golpe, vieram cobrar a cota parte do pr\u00e9-sal.<\/span><\/i><\/p>\n<p id=\"yui_3_16_0_ym19_1_1477485594287_3270\" class=\"yiv8319229794MsoNormal\"><i id=\"yui_3_16_0_ym19_1_1477485594287_3279\"><span id=\"yui_3_16_0_ym19_1_1477485594287_3278\">Assim como \u201csuicidaram\u201d o criador da Petrobr\u00e1s, n\u00e3o cessar\u00e3o enquanto n\u00e3o matarem a criatura, pois essa \u00e9 a lei da selva capitalista, essa \u00e9 a sina dos colonizados.<\/span><\/i><\/p>\n<p class=\"yiv8319229794MsoNormal\">\u00a0<\/p>\n<p class=\"yiv8319229794MsoNormal\"><em><strong>* Hari Alexandre Brust \u00e9 secret\u00e1rio-geral do PDT-BA<\/strong><\/em><\/p>\n<!-- AddThis Advanced Settings generic via filter on the_content --><!-- AddThis Share Buttons generic via filter on the_content -->","protected":false},"excerpt":{"rendered":"<p>Essa declara\u00e7\u00e3o, presumivelmente, deve ter sido feita pelo Presidente Temer, ao receber o presidente da multinacional SHELL Ben van Beurden.\u00a0 Esse encontro, \u201ccasual\u201d, ocorreu dia 27 de setembro \u00faltimo, logo depois do presidente Pedro Parente da Petrobr\u00e1s, entregar ao presidente golpista, o plano de investimento para 2017\/2021 e defender a libera\u00e7\u00e3o da Petrobr\u00e1s da obriga\u00e7\u00e3o&#8230;<!-- AddThis Advanced Settings generic via filter on wp_trim_excerpt --><!-- AddThis Share Buttons generic via filter on wp_trim_excerpt --><\/p>\n","protected":false},"author":17,"featured_media":0,"comment_status":"closed","ping_status":"closed","sticky":false,"template":"","format":"standard","meta":{"_monsterinsights_skip_tracking":false,"_monsterinsights_sitenote_active":false,"_monsterinsights_sitenote_note":"","_monsterinsights_sitenote_category":0,"_uf_show_specific_survey":0,"_uf_disable_surveys":false,"footnotes":""},"categories":[1584],"tags":[437,10,1855,38,718,1860,756],"class_list":["post-49361","post","type-post","status-publish","format-standard","hentry","category-artigos","tag-getulio-vargas","tag-golpe","tag-hari-alexandre-brust","tag-pdt","tag-petrobras","tag-petroleo-e-nosso","tag-pre-sal"],"acf":[],"_links":{"self":[{"href":"https:\/\/pdt-rj.org.br\/index.php\/wp-json\/wp\/v2\/posts\/49361","targetHints":{"allow":["GET"]}}],"collection":[{"href":"https:\/\/pdt-rj.org.br\/index.php\/wp-json\/wp\/v2\/posts"}],"about":[{"href":"https:\/\/pdt-rj.org.br\/index.php\/wp-json\/wp\/v2\/types\/post"}],"author":[{"embeddable":true,"href":"https:\/\/pdt-rj.org.br\/index.php\/wp-json\/wp\/v2\/users\/17"}],"replies":[{"embeddable":true,"href":"https:\/\/pdt-rj.org.br\/index.php\/wp-json\/wp\/v2\/comments?post=49361"}],"version-history":[{"count":1,"href":"https:\/\/pdt-rj.org.br\/index.php\/wp-json\/wp\/v2\/posts\/49361\/revisions"}],"predecessor-version":[{"id":52164,"href":"https:\/\/pdt-rj.org.br\/index.php\/wp-json\/wp\/v2\/posts\/49361\/revisions\/52164"}],"wp:attachment":[{"href":"https:\/\/pdt-rj.org.br\/index.php\/wp-json\/wp\/v2\/media?parent=49361"}],"wp:term":[{"taxonomy":"category","embeddable":true,"href":"https:\/\/pdt-rj.org.br\/index.php\/wp-json\/wp\/v2\/categories?post=49361"},{"taxonomy":"post_tag","embeddable":true,"href":"https:\/\/pdt-rj.org.br\/index.php\/wp-json\/wp\/v2\/tags?post=49361"}],"curies":[{"name":"wp","href":"https:\/\/api.w.org\/{rel}","templated":true}]}}