{"id":49306,"date":"2016-10-24T18:56:39","date_gmt":"2016-10-24T20:56:39","guid":{"rendered":"http:\/\/pdt-rj.org.br\/?p=49306"},"modified":"2017-10-26T09:07:28","modified_gmt":"2017-10-26T11:07:28","slug":"precisamos-tirar-a-serra-do-isolamento-afirma-vidigal","status":"publish","type":"post","link":"https:\/\/pdt-rj.org.br\/index.php\/precisamos-tirar-a-serra-do-isolamento-afirma-vidigal\/","title":{"rendered":"\u201cPrecisamos tirar a Serra do isolamento\u201d, afirma Vidigal"},"content":{"rendered":"<p><img loading=\"lazy\" decoding=\"async\" class=\"alignnone size-medium wp-image-49307 alignleft\" src=\"http:\/\/pdt-rj.org.br\/wp-content\/uploads\/2016\/10\/652ae8ad-df70-4e2d-a1ae-616c282d6a7a-300x200.jpg\" alt=\"\u201cPrecisamos tirar a Serra do isolamento\u201d, afirma Vidigal\" width=\"300\" height=\"200\" srcset=\"https:\/\/pdt-rj.org.br\/wp-content\/uploads\/2016\/10\/652ae8ad-df70-4e2d-a1ae-616c282d6a7a-300x200.jpg 300w, https:\/\/pdt-rj.org.br\/wp-content\/uploads\/2016\/10\/652ae8ad-df70-4e2d-a1ae-616c282d6a7a-100x67.jpg 100w, https:\/\/pdt-rj.org.br\/wp-content\/uploads\/2016\/10\/652ae8ad-df70-4e2d-a1ae-616c282d6a7a-768x512.jpg 768w, https:\/\/pdt-rj.org.br\/wp-content\/uploads\/2016\/10\/652ae8ad-df70-4e2d-a1ae-616c282d6a7a.jpg 1024w, https:\/\/pdt-rj.org.br\/wp-content\/uploads\/2016\/10\/652ae8ad-df70-4e2d-a1ae-616c282d6a7a-135x90.jpg 135w\" sizes=\"auto, (max-width: 300px) 100vw, 300px\" \/>A manh\u00e3 deste domingo (23) de muita alegria em Serra (ES). O povo vestiu branco e saiu \u00e0s ruas na Caminhada da Paz da &#8220;Campanha Vidigal 12&#8221; do candidato a prefeito, Sergio Vidigal (PDT). Acompanhado do vice-governador C\u00e9sar Colnago (PSDB), e do senador Ricardo Ferra\u00e7o (PSDB), o pedetista caminhou pela Orla de Jacara\u00edpe e falou sobre seus planos para a cidade.<\/p>\n<p>\u201cEstamos construindo uma governabilidade para o munic\u00edpio da Serra. Precisamos tirar a Serra do isolamento. Temos que conversar com o Governo do Estado e Governo Federal\u201d definiu Vidigal, se referindo a necessidade de parceria com o Governo do Estado e boa interlocu\u00e7\u00e3o com a Uni\u00e3o para enfrentar esse momento de crise.\u00a0<\/p>\n<p>\u201cA situa\u00e7\u00e3o econ\u00f4mica da Serra \u00e9 muito pior de quatro anos atr\u00e1s. Nossa d\u00edvida hoje \u00e9 maior que a anterior e perdemos v\u00e1rios servi\u00e7os. Perdemos a Central de Ambul\u00e2ncia, o Bolsa Escola, reduzimos a oferta de medicamentos e os especialistas\u201d, comentou Vidigal.<\/p>\n<p><strong>Parceria <\/strong><\/p>\n<p>O vice-governador destacou justamente a parceria do Governo do Estado com o projeto liderado por Sergio Vidigal. \u201cA proximidade com o Estado e da Uni\u00e3o \u00e9 importante nesse momento de dificuldade e crise. O governador Paulo Hartung e nosso Governo estaremos juntos para ajudar a Serra, que tem um papel fundamental na constru\u00e7\u00e3o do desenvolvimento do Esp\u00edrito Santo\u201d, avalia Colnago.<\/p>\n<p>Nesta segunda-feira (24), Vidigal participou de reuni\u00f5es com sua equipe de campanha e com lideran\u00e7as religiosas.<\/p>\n<!-- AddThis Advanced Settings generic via filter on the_content --><!-- AddThis Share Buttons generic via filter on the_content -->","protected":false},"excerpt":{"rendered":"<p>A manh\u00e3 deste domingo (23) de muita alegria em Serra (ES). O povo vestiu branco e saiu \u00e0s ruas na Caminhada da Paz da &#8220;Campanha Vidigal 12&#8221; do candidato a prefeito, Sergio Vidigal (PDT). Acompanhado do vice-governador C\u00e9sar Colnago (PSDB), e do senador Ricardo Ferra\u00e7o (PSDB), o pedetista caminhou pela Orla de Jacara\u00edpe e falou&#8230;<!-- AddThis Advanced Settings generic via filter on wp_trim_excerpt --><!-- AddThis Share Buttons generic via filter on wp_trim_excerpt --><\/p>\n","protected":false},"author":17,"featured_media":0,"comment_status":"open","ping_status":"open","sticky":false,"template":"","format":"standard","meta":{"_monsterinsights_skip_tracking":false,"_monsterinsights_sitenote_active":false,"_monsterinsights_sitenote_note":"","_monsterinsights_sitenote_category":0,"_uf_show_specific_survey":0,"_uf_disable_surveys":false,"footnotes":""},"categories":[976],"tags":[1614,38,873,1449],"class_list":["post-49306","post","type-post","status-publish","format-standard","hentry","category-noticias-em-destaque","tag-campanha-vidigal-12","tag-pdt","tag-sergio-vidigal","tag-serra-es"],"acf":[],"_links":{"self":[{"href":"https:\/\/pdt-rj.org.br\/index.php\/wp-json\/wp\/v2\/posts\/49306","targetHints":{"allow":["GET"]}}],"collection":[{"href":"https:\/\/pdt-rj.org.br\/index.php\/wp-json\/wp\/v2\/posts"}],"about":[{"href":"https:\/\/pdt-rj.org.br\/index.php\/wp-json\/wp\/v2\/types\/post"}],"author":[{"embeddable":true,"href":"https:\/\/pdt-rj.org.br\/index.php\/wp-json\/wp\/v2\/users\/17"}],"replies":[{"embeddable":true,"href":"https:\/\/pdt-rj.org.br\/index.php\/wp-json\/wp\/v2\/comments?post=49306"}],"version-history":[{"count":1,"href":"https:\/\/pdt-rj.org.br\/index.php\/wp-json\/wp\/v2\/posts\/49306\/revisions"}],"predecessor-version":[{"id":56160,"href":"https:\/\/pdt-rj.org.br\/index.php\/wp-json\/wp\/v2\/posts\/49306\/revisions\/56160"}],"wp:attachment":[{"href":"https:\/\/pdt-rj.org.br\/index.php\/wp-json\/wp\/v2\/media?parent=49306"}],"wp:term":[{"taxonomy":"category","embeddable":true,"href":"https:\/\/pdt-rj.org.br\/index.php\/wp-json\/wp\/v2\/categories?post=49306"},{"taxonomy":"post_tag","embeddable":true,"href":"https:\/\/pdt-rj.org.br\/index.php\/wp-json\/wp\/v2\/tags?post=49306"}],"curies":[{"name":"wp","href":"https:\/\/api.w.org\/{rel}","templated":true}]}}