{"id":49273,"date":"2016-10-24T11:26:12","date_gmt":"2016-10-24T13:26:12","guid":{"rendered":"http:\/\/pdt-rj.org.br\/?p=49273"},"modified":"2017-01-17T00:17:43","modified_gmt":"2017-01-17T02:17:43","slug":"allan-pombo-a-juventude-do-pdt-a-servico-do-brasil","status":"publish","type":"post","link":"https:\/\/pdt-rj.org.br\/index.php\/allan-pombo-a-juventude-do-pdt-a-servico-do-brasil\/","title":{"rendered":"Allan Pombo &#8211; A juventude do PDT a servi\u00e7o do Brasil"},"content":{"rendered":"<p>Integrante da Juventude Socialista do PDT e membro do Diret\u00f3rio Nacional da legenda, Allan Pombo, 28 anos, \u00e9 nascido em Guam\u00e1, periferia de Bel\u00e9m do Par\u00e1. Formado em Administra\u00e7\u00e3o, foi presidente de Gr\u00eamio secundarista, diretor da Uni\u00e3o Nacional dos Estudantes (UNE), chefe do Departamento de Pol\u00edticas P\u00fablicas para Juventude (DPJ) do Minist\u00e9rio do Trabalho e Emprego (MTE), onde representou o \u00f3rg\u00e3o na Organiza\u00e7\u00e3o das Na\u00e7\u00f5es Unidas (ONU). Em sua trajet\u00f3ria ele tamb\u00e9m atuou como assessor especial da Presid\u00eancia dos Correios e foi candidato a vereador pelo PDT.<\/p>\n<p>Nestas elei\u00e7\u00f5es Allan Pombo comp\u00f5e a chapa majorit\u00e1ria do partido, como vice-prefeito, que disputa o segundo turno da Prefeitura de Bel\u00e9m. Nesta entrevista, ele destaca\u00a0o papel da juventude brasileira no futuro do Brasil\u00a0e fala sobre o trabalho que pretende desenvolver caso seja eleito. Ele tamb\u00e9m aponta suas refer\u00eancias intelectuais e partid\u00e1rias e mostra como as bandeiras do PDT e o exemplo de Brizola continuam influenciando os novos quadros pol\u00edticos forjados pela juventude pedetista por todo o Pa\u00eds.<\/p>\n<p>&nbsp;<\/p>\n<p><strong>PDT &#8211; Qual a import\u00e2ncia do engajamento do jovem na pol\u00edtica?<\/strong><\/p>\n<p><strong>Alan Pombo<\/strong> &#8211; A juventude brasileira hoje representa 25% da popula\u00e7\u00e3o. S\u00e3o mais de 50 milh\u00f5es de jovens que t\u00eam um futuro pela frente. O jovem, por si s\u00f3, quer ser protagonista da pr\u00f3pria hist\u00f3ria; quer ser dono do seu futuro, ter voz ativa e no seu destino mandar. Por isso a juventude tem um papel fundamental na constru\u00e7\u00e3o da sociedade, da pol\u00edtica, do social. \u00c9 a juventude que vai construir o amanh\u00e3. Precisamos de oportunidades, de educa\u00e7\u00e3o de qualidade, esporte, lazer, al\u00e9m de termos perfil din\u00e2mico e criativo vamos potencializar esse perfil. O jovem tem que estar ativo para construir o futuro desejado.<\/p>\n<p>&nbsp;<\/p>\n<p><strong>PDT &#8211; Quais s\u00e3o suas refer\u00eancias pol\u00edticas?<\/strong><\/p>\n<p><strong>Alan Pombo<\/strong> &#8211; Sou nascido em Bel\u00e9m, em um bairro de periferia, o Guam\u00e1. Senti na pele a falta de oportunidades, ter amigos mortos, outros de sucesso. Educa\u00e7\u00e3o e oportunidade sempre foram as refer\u00eancias e, no Brasil, o grande defensor desta bandeira foi o comandante Leonel Brizola, tanto que me filiei ao partido do Brizola, o partido da educa\u00e7\u00e3o. Brizola, que n\u00e3o s\u00f3 defendia a educa\u00e7\u00e3o como prioridade, foi o governador que mais construiu escolas de tempo integral da Am\u00e9rica Latina, talvez do mundo. Darcy Ribeiro, Get\u00falio Vargas, Jo\u00e3o Goulart e M\u00e1rio Juruna, foram grandes nacionalistas. E, no Par\u00e1, grandes escritores como Dalc\u00eddio Jurandir, Benedito Monteiro, que foi do PDT, tamb\u00e9m defendiam a Amaz\u00f4nia, a resist\u00eancia cabana, e tudo isso nos remete \u00e0 luta. Particularmente, no Par\u00e1, a cabanagem foi um movimento de resist\u00eancia pelo qual os jovens tomaram o poder, e temos como refer\u00eancia Reginaldo Angelim, que coordenou e comandou com apenas 21 anos de idade e j\u00e1 mostrava que a juventude quando se une consegue tomar o poder. Agora, \u00e9 atrav\u00e9s do voto.<\/p>\n<p>&nbsp;<\/p>\n<p><strong>PDT &#8211; Quando decidiu militar politicamente e por que o PDT?<\/strong><\/p>\n<p><strong>\u00a0Alan Pombo &#8211;<\/strong> Comecei a militar no movimento estudantil. Estudei na escola Madre Zarife Sales, at\u00e9 a 8\u00aa s\u00e9rie, onde fundei e fui o presidente do gr\u00eamio e defend\u00edamos, al\u00e9m das mat\u00e9rias convencionais, atividades culturais, esportes, feira de ci\u00eancias, teatro&#8230; Que a educa\u00e7\u00e3o fosse priorizada e de maneira integral.<\/p>\n<p>J\u00e1 na universidade fui do diret\u00f3rio e do setor acad\u00eamico, e assim, diretor da UNE. O PDT foi onde me identifiquei. Um partido nacionalista, de grandes estadistas, que defende um Brasil soberano, a defesa integral de suas riquezas, de suas estruturas de Estado; contra as privatiza\u00e7\u00f5es. O PDT \u00e9 o que acreditamos para o Brasil.<\/p>\n<p>&nbsp;<\/p>\n<p><strong>PDT &#8211; Como a tecnologia mudou as inter-rela\u00e7\u00f5es pol\u00edticas entre os jovens?<\/strong><\/p>\n<p><strong>Alan Pombo<\/strong> &#8211; Com o avan\u00e7o da globaliza\u00e7\u00e3o, aumentamos a rela\u00e7\u00e3o pessoal com o mundo, ficou muito mais forte. \u00c9 importante a integra\u00e7\u00e3o pol\u00edtica, econ\u00f4mica, cultural, para entender o mundo, o contexto pol\u00edtico social para entender as experi\u00eancias e tomar como exemplo para o Brasil. Hoje o avan\u00e7o tecnol\u00f3gico se personifica na rela\u00e7\u00e3o com as redes sociais, muito mais forte, r\u00e1pido e din\u00e2mico. L\u00f3gico que existem falhas, nem tudo que est\u00e1 dispon\u00edvel nas redes \u00e9 verdade. Temos que ter um controle para n\u00e3o influenciar o pensamento das pessoas para o negativo. As pessoas t\u00eam que ir a fundo nos acontecimentos e buscar a hist\u00f3ria em outras fontes. N\u00e3o podemos deixar de ler e procurar entender o contexto.<\/p>\n<p>&nbsp;<\/p>\n<p><strong><img loading=\"lazy\" decoding=\"async\" class=\"alignnone size-medium wp-image-49280 alignright\" src=\"http:\/\/pdt-rj.org.br\/wp-content\/uploads\/2016\/10\/Allan-Pombo-em-Campanha-300x169.jpg\" alt=\"Allan Pombo em Campanha\" width=\"300\" height=\"169\" srcset=\"https:\/\/pdt-rj.org.br\/wp-content\/uploads\/2016\/10\/Allan-Pombo-em-Campanha-300x169.jpg 300w, https:\/\/pdt-rj.org.br\/wp-content\/uploads\/2016\/10\/Allan-Pombo-em-Campanha-100x56.jpg 100w, https:\/\/pdt-rj.org.br\/wp-content\/uploads\/2016\/10\/Allan-Pombo-em-Campanha-768x432.jpg 768w, https:\/\/pdt-rj.org.br\/wp-content\/uploads\/2016\/10\/Allan-Pombo-em-Campanha-160x90.jpg 160w, https:\/\/pdt-rj.org.br\/wp-content\/uploads\/2016\/10\/Allan-Pombo-em-Campanha.jpg 960w\" sizes=\"auto, (max-width: 300px) 100vw, 300px\" \/>PDT &#8211; Voc\u00ea \u00e9 candidato a vice-prefeito de uma importante capital do Brasil, com chances reais de vit\u00f3ria. Caso seja eleito, como ser\u00e1 sua atua\u00e7\u00e3o na fun\u00e7\u00e3o?<\/strong><\/p>\n<p><strong>Alan Pombo<\/strong> &#8211; N\u00f3s t\u00ednhamos 40 segundos de tempo de TV contra quase quatro minutos do atual prefeito. O primeiro turno foi uma luta desigual e, justamente atrav\u00e9s das redes sociais, conseguimos romper um pouco esta barreira, mas ainda sim \u00e9 desproporcional. A m\u00eddia ainda manipula e aliena e temos que combater isso. As redes sociais est\u00e3o servindo para criar uma resist\u00eancia popular e social para mostrar o outro lado que a m\u00eddia tenta impor. \u00c9 importante por um lado, mas sempre tomando cuidado para n\u00e3o acreditarmos em tudo que se v\u00ea.<\/p>\n<p>Ser\u00e1 uma honra ser vice-prefeito de Bel\u00e9m do Par\u00e1, chamada de Metr\u00f3pole da Amaz\u00f4nia.\u00a0 Nos \u00faltimos anos foi simplesmente abandonada, com descaso em sa\u00fade, em educa\u00e7\u00e3o, transformando-se numa das capitais mais violentas do Brasil. Mas \u00e9 poss\u00edvel termos em Bel\u00e9m escolas de tempo integral, onde as crian\u00e7as aprendam as disciplinas rotineiras importantes mas onde tamb\u00e9m tenham teatro, aulas de dan\u00e7a, de m\u00fasica, coral, incentivo \u00e0 cultura da capoeira, o empreendedorismo<\/p>\n<p>Como vice-prefeito, se for eleito, teremos muito para fazer e avan\u00e7ar, um mandato que seja de todos; buscar di\u00e1logos com a juventude. Organizar plen\u00e1rias de bairros, fortalecer os conselhos municipais, os conselhos da juventude que hoje est\u00e3o parados em Bel\u00e9m, e os conselhos distritais. Ser\u00e1 uma honra ser vice-prefeito e contribuir para Bel\u00e9m se transformar em uma cidade escola.<\/p>\n<p>&nbsp;<\/p>\n<p><strong>PDT &#8211; Mande um recado para os militantes da JS-PDT.<\/strong><\/p>\n<p><strong>Alan Pombo<\/strong> &#8211; Representei a Juventude Socialista PDT como candidato, assim como muitos companheiros pelo Brasil, que emprestaram seu nome, para apresentar nossa aguerrida Juventude, que tem mais de 35 anos de luta em defesa do povo brasileiro. Criada pelo comandante Leonel Brizola, que foi um jovem indignado e a indigna\u00e7\u00e3o e a luta da JS \u00e9 algo emocionante no Brasil, por isso, tenho muito orgulho. Em cada estado temos nossos quadros, nossos companheiros, hoje, muitos eleitos vereadores pelo Brasil e vice-prefeitos, j\u00e1 no primeiro turno. Ent\u00e3o, cada um tem um tijolo nesta constru\u00e7\u00e3o e aqui o que est\u00e1 em jogo n\u00e3o \u00e9 s\u00f3 uma elei\u00e7\u00e3o, s\u00e3o projetos n\u00e3o s\u00f3 para Bel\u00e9m, mas para as demais cidades do Brasil. \u00c9 a resist\u00eancia popular, o Trabalhismo, o Brizolismo. Ganhar \u00e9 s\u00f3 um passo, o desafio \u00e9, atrav\u00e9s do PDT, fazermos a revolu\u00e7\u00e3o trabalhista e educacional que o Brasil precisa.<\/p>\n<!-- AddThis Advanced Settings generic via filter on the_content --><!-- AddThis Share Buttons generic via filter on the_content -->","protected":false},"excerpt":{"rendered":"<p>Integrante da Juventude Socialista do PDT e membro do Diret\u00f3rio Nacional da legenda, Allan Pombo, 28 anos, \u00e9 nascido em Guam\u00e1, periferia de Bel\u00e9m do Par\u00e1. Formado em Administra\u00e7\u00e3o, foi presidente de Gr\u00eamio secundarista, diretor da Uni\u00e3o Nacional dos Estudantes (UNE), chefe do Departamento de Pol\u00edticas P\u00fablicas para Juventude (DPJ) do Minist\u00e9rio do Trabalho e&#8230;<!-- AddThis Advanced Settings generic via filter on wp_trim_excerpt --><!-- AddThis Share Buttons generic via filter on wp_trim_excerpt --><\/p>\n","protected":false},"author":17,"featured_media":49276,"comment_status":"closed","ping_status":"closed","sticky":false,"template":"","format":"standard","meta":{"_monsterinsights_skip_tracking":false,"_monsterinsights_sitenote_active":false,"_monsterinsights_sitenote_note":"","_monsterinsights_sitenote_category":0,"_uf_show_specific_survey":0,"_uf_disable_surveys":false,"footnotes":""},"categories":[1400],"tags":[1360,179,277,1295,437,514,1533,38,46],"class_list":["post-49273","post","type-post","status-publish","format-standard","has-post-thumbnail","hentry","category-entrevistas","tag-allan-pombo","tag-brizola","tag-darcy-ribeiro","tag-escola-de-tempo-integral","tag-getulio-vargas","tag-joao-goulart","tag-mario-juruna","tag-pdt","tag-trabalhismo"],"acf":[],"_links":{"self":[{"href":"https:\/\/pdt-rj.org.br\/index.php\/wp-json\/wp\/v2\/posts\/49273","targetHints":{"allow":["GET"]}}],"collection":[{"href":"https:\/\/pdt-rj.org.br\/index.php\/wp-json\/wp\/v2\/posts"}],"about":[{"href":"https:\/\/pdt-rj.org.br\/index.php\/wp-json\/wp\/v2\/types\/post"}],"author":[{"embeddable":true,"href":"https:\/\/pdt-rj.org.br\/index.php\/wp-json\/wp\/v2\/users\/17"}],"replies":[{"embeddable":true,"href":"https:\/\/pdt-rj.org.br\/index.php\/wp-json\/wp\/v2\/comments?post=49273"}],"version-history":[{"count":2,"href":"https:\/\/pdt-rj.org.br\/index.php\/wp-json\/wp\/v2\/posts\/49273\/revisions"}],"predecessor-version":[{"id":52218,"href":"https:\/\/pdt-rj.org.br\/index.php\/wp-json\/wp\/v2\/posts\/49273\/revisions\/52218"}],"wp:featuredmedia":[{"embeddable":true,"href":"https:\/\/pdt-rj.org.br\/index.php\/wp-json\/wp\/v2\/media\/49276"}],"wp:attachment":[{"href":"https:\/\/pdt-rj.org.br\/index.php\/wp-json\/wp\/v2\/media?parent=49273"}],"wp:term":[{"taxonomy":"category","embeddable":true,"href":"https:\/\/pdt-rj.org.br\/index.php\/wp-json\/wp\/v2\/categories?post=49273"},{"taxonomy":"post_tag","embeddable":true,"href":"https:\/\/pdt-rj.org.br\/index.php\/wp-json\/wp\/v2\/tags?post=49273"}],"curies":[{"name":"wp","href":"https:\/\/api.w.org\/{rel}","templated":true}]}}