{"id":49262,"date":"2016-10-24T15:59:54","date_gmt":"2016-10-24T17:59:54","guid":{"rendered":"http:\/\/pdt-rj.org.br\/?p=49262"},"modified":"2016-10-24T15:59:54","modified_gmt":"2016-10-24T17:59:54","slug":"aniversario-de-darcy-ribeiro-sera-comemorado-no-rio-e-em-brasilia","status":"publish","type":"post","link":"https:\/\/pdt-rj.org.br\/index.php\/aniversario-de-darcy-ribeiro-sera-comemorado-no-rio-e-em-brasilia\/","title":{"rendered":"Anivers\u00e1rio de Darcy Ribeiro \u00e9 comemorado no Rio e em Bras\u00edlia"},"content":{"rendered":"<p>No pr\u00f3ximo dia 26 de outubro ser\u00e1 o 94\u00b0 anivers\u00e1rio do antrop\u00f3logo, escritor e pol\u00edtico brasileiro Darcy Ribeiro. Para comemorar a data, dois eventos homenageiam esse que \u00e9 um dos grandes nomes da hist\u00f3ria do PDT, conhecido, principalmente por sua dedica\u00e7\u00e3o \u00e0 causa ind\u00edgena e \u00e0 educa\u00e7\u00e3o no pa\u00eds.<\/p>\n<p>Nesta ter\u00e7a-feira (25) e na quarta-feira (26), o Memorial Darcy Ribeiro, localizado no Campus da Universidade de Bras\u00edlia (UnB), comemora os 20 anos da Lei de Diretrizes e Bases da Educa\u00e7\u00e3o Nacional, um dos principais projetos do educador. O evento, que vai de 10h \u00e0s 14h, ter\u00e1 a participa\u00e7\u00e3o de professores, conferencistas e palestrantes\u00a0que discutir\u00e3o temas voltados para a educa\u00e7\u00e3o no Brasil.<\/p>\n<p>Tamb\u00e9m no dia 26, a partir das 19h, a <a href=\"http:\/\/www.fundar.org.br\/\">Funda\u00e7\u00e3o Darcy Ribeiro<\/a>, no Rio de Janeiro, promove o lan\u00e7amento do livro \u201cBerta Ribeiro \u2013 Aos \u00edndios, com amor\u201d. Trata-se de uma biografia da mulher de Darcy Ribeiro, escrita pela jornalista, escritora e educadora Ana Arruda Callado.<\/p>\n<p><strong>Darcy Ribeiro<\/strong><\/p>\n<p>Darcy Ribeiro come\u00e7ou sua vida profissional como antrop\u00f3logo do Servi\u00e7o de Prote\u00e7\u00e3o aos \u00cdndios, onde criou o Museu do \u00cdndio e, em parceria com os irm\u00e3os Villas-Boas, formulou o Parque Ind\u00edgena do Xingu. No mesmo per\u00edodo, conheceu e se casou com Berta Gleizer, que se tornaria uma grande parceira intelectual. Posteriormente, ingressa na \u00e1rea educacional e formula o projeto de cria\u00e7\u00e3o da Universidade de Bras\u00edlia.<\/p>\n<p>Em sua trajet\u00f3ria pol\u00edtica, foi ministro da Educa\u00e7\u00e3o e ministro-chefe da Casa Civil durante o governo de Jo\u00e3o Goulart, vice-governador do Rio de Janeiro, em 1982, durante do governo de Leonel Brizola, secret\u00e1rio de Cultura e coordenador do Programa Especial de Educa\u00e7\u00e3o e senador da Rep\u00fablica de 1991 at\u00e9 sua morte, em 1997.<\/p>\n<p>Durante seu ex\u00edlio, em diversos pa\u00edses da Am\u00e9rica Latina, atuou como pesquisador, professor e reformador de universidades. Nesse per\u00edodo, iniciou uma intensa produ\u00e7\u00e3o de livros que o transformou em um dos imortais da Academia Brasileira de Letras (ABL), onde viria a ocupar a cadeira 11 em 1993. Nos \u00faltimos anos de vida surpreendeu com sua produ\u00e7\u00e3o de poemas.<\/p>\n<p>Sua produ\u00e7\u00e3o na \u00e1rea da educa\u00e7\u00e3o e da cultura deixou marcas no pa\u00eds: criou universidades, centros culturais e uma nova proposta educativa com os, com destaque para a idealiza\u00e7\u00e3o dos Centros Integrados de Educa\u00e7\u00e3o P\u00fablica (Cieps), concebidos com a parceria de Leonel Brizola e Oscar Niemeyer, al\u00e9m de deixar in\u00fameras obras traduzidas para diversos idiomas.<\/p>\n<!-- AddThis Advanced Settings generic via filter on the_content --><!-- AddThis Share Buttons generic via filter on the_content -->","protected":false},"excerpt":{"rendered":"<p>No pr\u00f3ximo dia 26 de outubro ser\u00e1 o 94\u00b0 anivers\u00e1rio do antrop\u00f3logo, escritor e pol\u00edtico brasileiro Darcy Ribeiro. Para comemorar a data, dois eventos homenageiam esse que \u00e9 um dos grandes nomes da hist\u00f3ria do PDT, conhecido, principalmente por sua dedica\u00e7\u00e3o \u00e0 causa ind\u00edgena e \u00e0 educa\u00e7\u00e3o no pa\u00eds. Nesta ter\u00e7a-feira (25) e na quarta-feira&#8230;<!-- AddThis Advanced Settings generic via filter on wp_trim_excerpt --><!-- AddThis Share Buttons generic via filter on wp_trim_excerpt --><\/p>\n","protected":false},"author":17,"featured_media":0,"comment_status":"open","ping_status":"open","sticky":false,"template":"","format":"standard","meta":{"_monsterinsights_skip_tracking":false,"_monsterinsights_sitenote_active":false,"_monsterinsights_sitenote_note":"","_monsterinsights_sitenote_category":0,"_uf_show_specific_survey":0,"_uf_disable_surveys":false,"footnotes":""},"categories":[1401],"tags":[1544,1545,277,565,1546,38],"class_list":["post-49262","post","type-post","status-publish","format-standard","hentry","category-nacional","tag-centros-integrados-de-educacao-publica","tag-cieps","tag-darcy-ribeiro","tag-leonel-brizola","tag-oscar-niemeyer","tag-pdt"],"acf":[],"_links":{"self":[{"href":"https:\/\/pdt-rj.org.br\/index.php\/wp-json\/wp\/v2\/posts\/49262","targetHints":{"allow":["GET"]}}],"collection":[{"href":"https:\/\/pdt-rj.org.br\/index.php\/wp-json\/wp\/v2\/posts"}],"about":[{"href":"https:\/\/pdt-rj.org.br\/index.php\/wp-json\/wp\/v2\/types\/post"}],"author":[{"embeddable":true,"href":"https:\/\/pdt-rj.org.br\/index.php\/wp-json\/wp\/v2\/users\/17"}],"replies":[{"embeddable":true,"href":"https:\/\/pdt-rj.org.br\/index.php\/wp-json\/wp\/v2\/comments?post=49262"}],"version-history":[{"count":0,"href":"https:\/\/pdt-rj.org.br\/index.php\/wp-json\/wp\/v2\/posts\/49262\/revisions"}],"wp:attachment":[{"href":"https:\/\/pdt-rj.org.br\/index.php\/wp-json\/wp\/v2\/media?parent=49262"}],"wp:term":[{"taxonomy":"category","embeddable":true,"href":"https:\/\/pdt-rj.org.br\/index.php\/wp-json\/wp\/v2\/categories?post=49262"},{"taxonomy":"post_tag","embeddable":true,"href":"https:\/\/pdt-rj.org.br\/index.php\/wp-json\/wp\/v2\/tags?post=49262"}],"curies":[{"name":"wp","href":"https:\/\/api.w.org\/{rel}","templated":true}]}}