{"id":49225,"date":"2016-10-20T17:18:47","date_gmt":"2016-10-20T19:18:47","guid":{"rendered":"http:\/\/pdt-rj.org.br\/?p=49225"},"modified":"2017-10-26T09:07:28","modified_gmt":"2017-10-26T11:07:28","slug":"ciro-apoia-eleicao-de-ricardo-silva-para-prefeito-de-ribeirao-preto-sp","status":"publish","type":"post","link":"https:\/\/pdt-rj.org.br\/index.php\/ciro-apoia-eleicao-de-ricardo-silva-para-prefeito-de-ribeirao-preto-sp\/","title":{"rendered":"Ciro apoia campanha de Ricardo Silva para prefeito de Ribeir\u00e3o Preto (SP)"},"content":{"rendered":"<p><img loading=\"lazy\" decoding=\"async\" class=\"alignnone size-medium wp-image-49226 alignleft\" src=\"http:\/\/pdt-rj.org.br\/wp-content\/uploads\/2016\/10\/Ciro-apoia-elei\u00e7\u00e3o-de-Ricardo-Silva-para-prefeito-de-Ribeir\u00e3o-Preto-SP-300x225.jpeg\" alt=\"Ciro apoia elei\u00e7\u00e3o de Ricardo Silva para prefeito de Ribeir\u00e3o Preto (SP)\" width=\"300\" height=\"225\" srcset=\"https:\/\/pdt-rj.org.br\/wp-content\/uploads\/2016\/10\/Ciro-apoia-elei\u00e7\u00e3o-de-Ricardo-Silva-para-prefeito-de-Ribeir\u00e3o-Preto-SP-300x225.jpeg 300w, https:\/\/pdt-rj.org.br\/wp-content\/uploads\/2016\/10\/Ciro-apoia-elei\u00e7\u00e3o-de-Ricardo-Silva-para-prefeito-de-Ribeir\u00e3o-Preto-SP-100x75.jpeg 100w, https:\/\/pdt-rj.org.br\/wp-content\/uploads\/2016\/10\/Ciro-apoia-elei\u00e7\u00e3o-de-Ricardo-Silva-para-prefeito-de-Ribeir\u00e3o-Preto-SP-768x576.jpeg 768w, https:\/\/pdt-rj.org.br\/wp-content\/uploads\/2016\/10\/Ciro-apoia-elei\u00e7\u00e3o-de-Ricardo-Silva-para-prefeito-de-Ribeir\u00e3o-Preto-SP.jpeg 1024w, https:\/\/pdt-rj.org.br\/wp-content\/uploads\/2016\/10\/Ciro-apoia-elei\u00e7\u00e3o-de-Ricardo-Silva-para-prefeito-de-Ribeir\u00e3o-Preto-SP-120x90.jpeg 120w\" sizes=\"auto, (max-width: 300px) 100vw, 300px\" \/>Nesta quinta-feira (20), o ex-governador Ciro Gomes (PDT) declarou seu apoio \u00e1 campanha de Ricardo Silva (PDT) para prefeito de Ribeir\u00e3o Preto, no interior de S\u00e3o Paulo. O encontro entre os pedetistas incluiu um almo\u00e7o com vereadores eleitos e lideran\u00e7as da cidade, al\u00e9m da grava\u00e7\u00e3o de uma chamada para o programa eleitoral.<\/p>\n<p>&#8220;Ricardo \u00e9 um jovem com muita energia, preparo, dedica\u00e7\u00e3o e amor pelo povo de Ribeir\u00e3o Preto. Al\u00e9m de lutar por sua cidade, tamb\u00e9m est\u00e1 representando toda uma gera\u00e7\u00e3o que n\u00e3o aceita mais casos de corrup\u00e7\u00e3o como o do desvio do dinheiro da merenda escolar em S\u00e3o Paulo. Certamente ser\u00e1 um grande prefeito&#8221;, afirmou Ciro.<\/p>\n<!-- AddThis Advanced Settings generic via filter on the_content --><!-- AddThis Share Buttons generic via filter on the_content -->","protected":false},"excerpt":{"rendered":"<p>Nesta quinta-feira (20), o ex-governador Ciro Gomes (PDT) declarou seu apoio \u00e1 campanha de Ricardo Silva (PDT) para prefeito de Ribeir\u00e3o Preto, no interior de S\u00e3o Paulo. O encontro entre os pedetistas incluiu um almo\u00e7o com vereadores eleitos e lideran\u00e7as da cidade, al\u00e9m da grava\u00e7\u00e3o de uma chamada para o programa eleitoral. &#8220;Ricardo \u00e9 um&#8230;<!-- AddThis Advanced Settings generic via filter on wp_trim_excerpt --><!-- AddThis Share Buttons generic via filter on wp_trim_excerpt --><\/p>\n","protected":false},"author":17,"featured_media":0,"comment_status":"open","ping_status":"open","sticky":false,"template":"","format":"standard","meta":{"_monsterinsights_skip_tracking":false,"_monsterinsights_sitenote_active":false,"_monsterinsights_sitenote_note":"","_monsterinsights_sitenote_category":0,"_uf_show_specific_survey":0,"_uf_disable_surveys":false,"footnotes":""},"categories":[976],"tags":[],"class_list":["post-49225","post","type-post","status-publish","format-standard","hentry","category-noticias-em-destaque"],"acf":[],"_links":{"self":[{"href":"https:\/\/pdt-rj.org.br\/index.php\/wp-json\/wp\/v2\/posts\/49225","targetHints":{"allow":["GET"]}}],"collection":[{"href":"https:\/\/pdt-rj.org.br\/index.php\/wp-json\/wp\/v2\/posts"}],"about":[{"href":"https:\/\/pdt-rj.org.br\/index.php\/wp-json\/wp\/v2\/types\/post"}],"author":[{"embeddable":true,"href":"https:\/\/pdt-rj.org.br\/index.php\/wp-json\/wp\/v2\/users\/17"}],"replies":[{"embeddable":true,"href":"https:\/\/pdt-rj.org.br\/index.php\/wp-json\/wp\/v2\/comments?post=49225"}],"version-history":[{"count":1,"href":"https:\/\/pdt-rj.org.br\/index.php\/wp-json\/wp\/v2\/posts\/49225\/revisions"}],"predecessor-version":[{"id":56163,"href":"https:\/\/pdt-rj.org.br\/index.php\/wp-json\/wp\/v2\/posts\/49225\/revisions\/56163"}],"wp:attachment":[{"href":"https:\/\/pdt-rj.org.br\/index.php\/wp-json\/wp\/v2\/media?parent=49225"}],"wp:term":[{"taxonomy":"category","embeddable":true,"href":"https:\/\/pdt-rj.org.br\/index.php\/wp-json\/wp\/v2\/categories?post=49225"},{"taxonomy":"post_tag","embeddable":true,"href":"https:\/\/pdt-rj.org.br\/index.php\/wp-json\/wp\/v2\/tags?post=49225"}],"curies":[{"name":"wp","href":"https:\/\/api.w.org\/{rel}","templated":true}]}}