{"id":49173,"date":"2016-10-20T14:34:31","date_gmt":"2016-10-20T16:34:31","guid":{"rendered":"http:\/\/pdt-rj.org.br\/?p=49173"},"modified":"2016-10-20T14:34:31","modified_gmt":"2016-10-20T16:34:31","slug":"assis-do-couto-exige-maior-visibilidade-a-agricultura-familiar-por-parte-das-autoridades","status":"publish","type":"post","link":"https:\/\/pdt-rj.org.br\/index.php\/assis-do-couto-exige-maior-visibilidade-a-agricultura-familiar-por-parte-das-autoridades\/","title":{"rendered":"Assis do Couto exige mais visibilidade \u00e0 agricultura familiar por parte das autoridades"},"content":{"rendered":"<p><img loading=\"lazy\" decoding=\"async\" class=\"alignnone size-medium wp-image-49174 alignleft\" src=\"http:\/\/pdt-rj.org.br\/wp-content\/uploads\/2016\/10\/Assis-do-Couto-12-e1476895097334-300x197.jpg\" alt=\"Assis do Couto exige maior visibilidade \u00e0 agricultura familiar por parte das autoridades \" width=\"300\" height=\"197\" srcset=\"https:\/\/pdt-rj.org.br\/wp-content\/uploads\/2016\/10\/Assis-do-Couto-12-e1476895097334.jpg 300w, https:\/\/pdt-rj.org.br\/wp-content\/uploads\/2016\/10\/Assis-do-Couto-12-e1476895097334-100x66.jpg 100w, https:\/\/pdt-rj.org.br\/wp-content\/uploads\/2016\/10\/Assis-do-Couto-12-e1476895097334-137x90.jpg 137w\" sizes=\"auto, (max-width: 300px) 100vw, 300px\" \/>O deputado <a href=\"https:\/\/www.facebook.com\/deputadoassisdocouto\/?fref=ts\">Assis do Couto<\/a> falou pela Lideran\u00e7a do PDT, nessa quarta-feira (19), na Comiss\u00e3o Geral que discutiu \u201cos desafios da agricultura familiar, as dificuldades para a sucess\u00e3o nas pequenas propriedades com a manuten\u00e7\u00e3o dos jovens no Campo e a aposentadoria do trabalhador rural\u201d.<\/p>\n<p>Vice-Presidente da Frente Parlamentar da Agricultura Familiar, Assis do Couto destacou a import\u00e2ncia do debate e a necessidade da C\u00e2mara, como sendo a respons\u00e1vel por elaborar as leis que \u201cdefinem a vida e o destino dos brasileiros\u201d, pautar e dar visibilidade ao tema.<\/p>\n<p>Segundo o deputado, discutir problemas da agricultura familiar, ap\u00f3s tr\u00eas dias da comemora\u00e7\u00e3o do \u201cDia Mundial da Alimenta\u00e7\u00e3o\u201d, \u00e9 muito importante, principalmente porque o tema traz grandes preocupa\u00e7\u00f5es ao homem do campo. \u201cA agricultura tem uma hist\u00f3ria constru\u00edda com lutas e n\u00e3o pode sofrer mais um golpe, com a reforma previdenci\u00e1ria imposta pelo governo\u201d.<\/p>\n<p>Assis do Couto chamou de erro na hist\u00f3ria do campo a extin\u00e7\u00e3o do Minist\u00e9rio do Desenvolvimento Agr\u00e1rio por meio de medida provis\u00f3ria. Foi um grave golpe para a agricultura familiar e as autoridades aqui presentes precisam rever esta medida\u201d, assinalou.<\/p>\n<!-- AddThis Advanced Settings generic via filter on the_content --><!-- AddThis Share Buttons generic via filter on the_content -->","protected":false},"excerpt":{"rendered":"<p>O deputado Assis do Couto falou pela Lideran\u00e7a do PDT, nessa quarta-feira (19), na Comiss\u00e3o Geral que discutiu \u201cos desafios da agricultura familiar, as dificuldades para a sucess\u00e3o nas pequenas propriedades com a manuten\u00e7\u00e3o dos jovens no Campo e a aposentadoria do trabalhador rural\u201d. Vice-Presidente da Frente Parlamentar da Agricultura Familiar, Assis do Couto destacou&#8230;<!-- AddThis Advanced Settings generic via filter on wp_trim_excerpt --><!-- AddThis Share Buttons generic via filter on wp_trim_excerpt --><\/p>\n","protected":false},"author":17,"featured_media":0,"comment_status":"open","ping_status":"open","sticky":false,"template":"","format":"standard","meta":{"_monsterinsights_skip_tracking":false,"_monsterinsights_sitenote_active":false,"_monsterinsights_sitenote_note":"","_monsterinsights_sitenote_category":0,"_uf_show_specific_survey":0,"_uf_disable_surveys":false,"footnotes":""},"categories":[1459],"tags":[137,1468,38],"class_list":["post-49173","post","type-post","status-publish","format-standard","hentry","category-congresso","tag-assis-do-couto","tag-dia-mundial-da-alimentacao","tag-pdt"],"acf":[],"_links":{"self":[{"href":"https:\/\/pdt-rj.org.br\/index.php\/wp-json\/wp\/v2\/posts\/49173","targetHints":{"allow":["GET"]}}],"collection":[{"href":"https:\/\/pdt-rj.org.br\/index.php\/wp-json\/wp\/v2\/posts"}],"about":[{"href":"https:\/\/pdt-rj.org.br\/index.php\/wp-json\/wp\/v2\/types\/post"}],"author":[{"embeddable":true,"href":"https:\/\/pdt-rj.org.br\/index.php\/wp-json\/wp\/v2\/users\/17"}],"replies":[{"embeddable":true,"href":"https:\/\/pdt-rj.org.br\/index.php\/wp-json\/wp\/v2\/comments?post=49173"}],"version-history":[{"count":0,"href":"https:\/\/pdt-rj.org.br\/index.php\/wp-json\/wp\/v2\/posts\/49173\/revisions"}],"wp:attachment":[{"href":"https:\/\/pdt-rj.org.br\/index.php\/wp-json\/wp\/v2\/media?parent=49173"}],"wp:term":[{"taxonomy":"category","embeddable":true,"href":"https:\/\/pdt-rj.org.br\/index.php\/wp-json\/wp\/v2\/categories?post=49173"},{"taxonomy":"post_tag","embeddable":true,"href":"https:\/\/pdt-rj.org.br\/index.php\/wp-json\/wp\/v2\/tags?post=49173"}],"curies":[{"name":"wp","href":"https:\/\/api.w.org\/{rel}","templated":true}]}}