{"id":49137,"date":"2016-10-19T17:37:16","date_gmt":"2016-10-19T19:37:16","guid":{"rendered":"http:\/\/pdt-rj.org.br\/?p=49137"},"modified":"2016-10-19T17:37:16","modified_gmt":"2016-10-19T19:37:16","slug":"ciro-gomes-fala-sobre-o-papel-das-instituicoes-brasileiras-na-usp","status":"publish","type":"post","link":"https:\/\/pdt-rj.org.br\/index.php\/ciro-gomes-fala-sobre-o-papel-das-instituicoes-brasileiras-na-usp\/","title":{"rendered":"Ciro Gomes fala sobre o papel das institui\u00e7\u00f5es brasileiras na USP"},"content":{"rendered":"<p><img loading=\"lazy\" decoding=\"async\" class=\"alignnone size-medium wp-image-49139 alignleft\" src=\"http:\/\/pdt-rj.org.br\/wp-content\/uploads\/2016\/10\/Ciro-Gomes-2-fala-sobre-o-papel-das-institui\u00e7\u00f5es-brasileiras-na-USP-300x173.jpeg\" alt=\"Ciro Gomes fala sobre o papel das institui\u00e7\u00f5es brasileiras na USP\" width=\"300\" height=\"173\" \/>O ex-ministro e ex-governador Ciro Gomes (PDT-CE) falou ontem (18) sobre o Papel das Institui\u00e7\u00f5es Brasileiras na Faculdade de Direito da Universidade de S\u00e3o Paulo (USP), no largo S\u00e3o Francisco.\u00a0 O presidenci\u00e1vel foi um dos palestrantes do evento \u201cDi\u00e1logos Brasileiros \u2013 Criatividade, Talento e Supera\u00e7\u00e3o do Subdesenvolvimento\u201d.<\/p>\n<p>Em sua fala, Ciro fez um diagn\u00f3stico da situa\u00e7\u00e3o brasileira e apresentou diretrizes para o que ele acredita ser ideal para o Pa\u00eds.<\/p>\n<p>\u201cO Brasil precisa construir um projeto nacional de desenvolvimento, que recupere a sua capacidade de se planejar, que crie um ciclo de industrializa\u00e7\u00e3o que amenize desigualdades competitivas com o resto do mundo, baseado em uma ideia de curto, m\u00e9dio e longo prazo\u201d, argumentou.<\/p>\n<p>Al\u00e9m de Ciro Gomes, o vento teve a participa\u00e7\u00e3o da empres\u00e1ria Luiza Trajano, presidente da empresa Magazine Luiza, do m\u00e9dico e pesquisador Jean Claude Obry (autor dos livros \u201cBrasil Meu Amor\u201d e \u201cProjeto JK\u201d), e do professor de Direito Econ\u00f4mico na FDUSP, Alessandro Octaviani.<\/p>\n<!-- AddThis Advanced Settings generic via filter on the_content --><!-- AddThis Share Buttons generic via filter on the_content -->","protected":false},"excerpt":{"rendered":"<p>O ex-ministro e ex-governador Ciro Gomes (PDT-CE) falou ontem (18) sobre o Papel das Institui\u00e7\u00f5es Brasileiras na Faculdade de Direito da Universidade de S\u00e3o Paulo (USP), no largo S\u00e3o Francisco.\u00a0 O presidenci\u00e1vel foi um dos palestrantes do evento \u201cDi\u00e1logos Brasileiros \u2013 Criatividade, Talento e Supera\u00e7\u00e3o do Subdesenvolvimento\u201d. Em sua fala, Ciro fez um diagn\u00f3stico da&#8230;<!-- AddThis Advanced Settings generic via filter on wp_trim_excerpt --><!-- AddThis Share Buttons generic via filter on wp_trim_excerpt --><\/p>\n","protected":false},"author":17,"featured_media":0,"comment_status":"open","ping_status":"open","sticky":false,"template":"","format":"standard","meta":{"_monsterinsights_skip_tracking":false,"_monsterinsights_sitenote_active":false,"_monsterinsights_sitenote_note":"","_monsterinsights_sitenote_category":0,"_uf_show_specific_survey":0,"_uf_disable_surveys":false,"footnotes":""},"categories":[1401],"tags":[1539,220,38,1540,1541,1542,1543],"class_list":["post-49137","post","type-post","status-publish","format-standard","hentry","category-nacional","tag-brasil-meu-amor","tag-ciro-gomes","tag-pdt","tag-projeto-jk","tag-projeto-nacional-de-desenvolvimento","tag-universidade-de-sao-paulo","tag-usp"],"acf":[],"_links":{"self":[{"href":"https:\/\/pdt-rj.org.br\/index.php\/wp-json\/wp\/v2\/posts\/49137","targetHints":{"allow":["GET"]}}],"collection":[{"href":"https:\/\/pdt-rj.org.br\/index.php\/wp-json\/wp\/v2\/posts"}],"about":[{"href":"https:\/\/pdt-rj.org.br\/index.php\/wp-json\/wp\/v2\/types\/post"}],"author":[{"embeddable":true,"href":"https:\/\/pdt-rj.org.br\/index.php\/wp-json\/wp\/v2\/users\/17"}],"replies":[{"embeddable":true,"href":"https:\/\/pdt-rj.org.br\/index.php\/wp-json\/wp\/v2\/comments?post=49137"}],"version-history":[{"count":0,"href":"https:\/\/pdt-rj.org.br\/index.php\/wp-json\/wp\/v2\/posts\/49137\/revisions"}],"wp:attachment":[{"href":"https:\/\/pdt-rj.org.br\/index.php\/wp-json\/wp\/v2\/media?parent=49137"}],"wp:term":[{"taxonomy":"category","embeddable":true,"href":"https:\/\/pdt-rj.org.br\/index.php\/wp-json\/wp\/v2\/categories?post=49137"},{"taxonomy":"post_tag","embeddable":true,"href":"https:\/\/pdt-rj.org.br\/index.php\/wp-json\/wp\/v2\/tags?post=49137"}],"curies":[{"name":"wp","href":"https:\/\/api.w.org\/{rel}","templated":true}]}}