{"id":48972,"date":"2016-10-14T15:50:49","date_gmt":"2016-10-14T18:50:49","guid":{"rendered":"http:\/\/pdt-rj.org.br\/?p=48972"},"modified":"2017-10-26T09:07:30","modified_gmt":"2017-10-26T11:07:30","slug":"nao-preciso-andar-com-certidoes-no-bolso-para-mostrar-que-nao-sou-investigado-disse-edivaldo-holanda-em-entrevista","status":"publish","type":"post","link":"https:\/\/pdt-rj.org.br\/index.php\/nao-preciso-andar-com-certidoes-no-bolso-para-mostrar-que-nao-sou-investigado-disse-edivaldo-holanda-em-entrevista\/","title":{"rendered":"\u201cN\u00e3o preciso andar com certid\u00f5es no bolso para mostrar que n\u00e3o sou investigado\u201d, disse Edivaldo Holanda em entrevista"},"content":{"rendered":"<p><img loading=\"lazy\" decoding=\"async\" class=\"size-medium wp-image-48976 alignright\" src=\"http:\/\/pdt-rj.org.br\/wp-content\/uploads\/2016\/10\/Edivaldo-no-Programa-Hora-D-Difusora-71-300x200.jpg\" alt=\"E\u201cN\u00e3o preciso andar com certid\u00f5es no bolso para mostrar que n\u00e3o sou investigado\u201d, disse Edivaldo Holanda em entrevista \" width=\"300\" height=\"200\" srcset=\"https:\/\/pdt-rj.org.br\/wp-content\/uploads\/2016\/10\/Edivaldo-no-Programa-Hora-D-Difusora-71-300x200.jpg 300w, https:\/\/pdt-rj.org.br\/wp-content\/uploads\/2016\/10\/Edivaldo-no-Programa-Hora-D-Difusora-71-100x67.jpg 100w, https:\/\/pdt-rj.org.br\/wp-content\/uploads\/2016\/10\/Edivaldo-no-Programa-Hora-D-Difusora-71-768x512.jpg 768w, https:\/\/pdt-rj.org.br\/wp-content\/uploads\/2016\/10\/Edivaldo-no-Programa-Hora-D-Difusora-71.jpg 1024w, https:\/\/pdt-rj.org.br\/wp-content\/uploads\/2016\/10\/Edivaldo-no-Programa-Hora-D-Difusora-71-135x90.jpg 135w\" sizes=\"auto, (max-width: 300px) 100vw, 300px\" \/>Em 15 minutos de entrevista ao &#8220;Hora D&#8221;, da TV Difusora, o prefeito de S\u00e3o Lu\u00eds (MA) e candidato \u00e0 reelei\u00e7\u00e3o, <a href=\"https:\/\/www.facebook.com\/EdivaldoHolandaJunior\/?fref=ts\">Edivaldo Holanda Junior<\/a> (PDT), esclareceu a popula\u00e7\u00e3o sobre quest\u00f5es nas \u00e1reas de transpar\u00eancia, sa\u00fade, transporte, infraestrutura, educa\u00e7\u00e3o e meio ambiente. O programa, realizado no\u00a0in\u00edcio da tarde desta sexta-feira (14), foi apresentado por Jeisael Marx e teve\u00a0como convidado o jornalista Raimundo Garrone.<\/p>\n<p>Aos telespectadores e\u00a0internautas, Edivaldo Holanda lembrou, mais uma vez, os problemas encontrados na prefeitura quando assumiu a sua gest\u00e3o, como o caos administrativo com a folha de pagamento, na \u00e9poca atrasada em um m\u00eas, e enfatizou, inclusive, que faltava comida as pacientes nos Socorr\u00f5es.<\/p>\n<p>Edivaldo tamb\u00e9m falou sobre o estrago que a administra\u00e7\u00e3o anterior deixou na Educa\u00e7\u00e3o, o que levou a queda Ideb. \u201cFoi na nossa gest\u00e3o que os \u00edndices melhoraram muito&#8230;valorizamos o professor que nem direito tinham de se aposentar, no qual 400 aposentamos docentes\u201d.<\/p>\n<p>Questionado sobre\u00a0o deputado Eduardo Braide, candidato \u00e0 prefeitura, citar nos programas eleitorais que seria o \u00fanico a apresentar certid\u00f5es negativas, Edivaldo foi taxativo: \u201cN\u00e3o preciso andar com certid\u00f5es no bolso para mostrar que n\u00e3o sou investigado. A minha gest\u00e3o \u00e9 proba reconhecida, transparente e honesta. N\u00e3o tenho nenhum hist\u00f3rico de corrup\u00e7\u00e3o\u201d. \u00a0<\/p>\n<p>O prefeito falou, ainda, sobre o mam\u00f3grafo em que Braide afirma que o dinheiro foi perdido pela n\u00e3o compra do aparelho. \u201cO processo est\u00e1 correndo normalmente, sendo que os R$ 300 mil d\u00e1 para compra um anal\u00f3gico e que a Prefeitura complementar\u00e1 para compra um mam\u00f3grafo digital\u201d, garantiu.<\/p>\n<p>Edivaldo afirmou que as finan\u00e7as da Prefeitura de S\u00e3o Lu\u00eds est\u00e3o equilibradas e que as parcerias e o bom planejamento feito no in\u00edcio de seu governo fez com que 1.800 ruas fossem asfaltadas, 11 mil casas entregues, cinco mil t\u00edtulos de propriedade tamb\u00e9m entregues, al\u00e9m de reformas de escolas e unidades de sa\u00fade.<\/p>\n<p>E completou com os enfretamentos hist\u00f3ricos que nenhum outro gestor conseguiu romper como a constru\u00e7\u00e3o de um moderno Aterro Sanit\u00e1rio, e o novo Aterro da Ribeira; e a Licita\u00e7\u00e3o de Transportes, que j\u00e1 oportunizou a chegada de \u00f4nibus novos com ar-condicionado. E explicou que para licitar teve que primeiro fazer um cronograma de combater a fraude, fazer um estudo do sistema, audi\u00eancias etc.<\/p>\n<p>\u201cN\u00e3o se faz tudo isso em um ano, seis meses \u00e9 imposs\u00edvel. Desde o in\u00edcio temos trabalhado muito, organizando a casa. Plantamos a boa semente estamos colhendo os bons frutos&#8230; Nenhum gestor pode governar sem parceria&#8230; Por isso quero pedir o seu voto no 12, prefeito Edivaldo. Que Deus aben\u00e7oe a nossa cidade\u201d, finalizou.<\/p>\n<!-- AddThis Advanced Settings generic via filter on the_content --><!-- AddThis Share Buttons generic via filter on the_content -->","protected":false},"excerpt":{"rendered":"<p>Em 15 minutos de entrevista ao &#8220;Hora D&#8221;, da TV Difusora, o prefeito de S\u00e3o Lu\u00eds (MA) e candidato \u00e0 reelei\u00e7\u00e3o, Edivaldo Holanda Junior (PDT), esclareceu a popula\u00e7\u00e3o sobre quest\u00f5es nas \u00e1reas de transpar\u00eancia, sa\u00fade, transporte, infraestrutura, educa\u00e7\u00e3o e meio ambiente. O programa, realizado no\u00a0in\u00edcio da tarde desta sexta-feira (14), foi apresentado por Jeisael Marx&#8230;<!-- AddThis Advanced Settings generic via filter on wp_trim_excerpt --><!-- AddThis Share Buttons generic via filter on wp_trim_excerpt --><\/p>\n","protected":false},"author":17,"featured_media":0,"comment_status":"open","ping_status":"open","sticky":false,"template":"","format":"standard","meta":{"_monsterinsights_skip_tracking":false,"_monsterinsights_sitenote_active":false,"_monsterinsights_sitenote_note":"","_monsterinsights_sitenote_category":0,"_uf_show_specific_survey":0,"_uf_disable_surveys":false,"footnotes":""},"categories":[976],"tags":[336,1444,38,1634,1635],"class_list":["post-48972","post","type-post","status-publish","format-standard","hentry","category-noticias-em-destaque","tag-edivaldo-holanda-junior","tag-gestao","tag-pdt","tag-prefeitura-de-sao-luis-ma","tag-treansparencia"],"acf":[],"_links":{"self":[{"href":"https:\/\/pdt-rj.org.br\/index.php\/wp-json\/wp\/v2\/posts\/48972","targetHints":{"allow":["GET"]}}],"collection":[{"href":"https:\/\/pdt-rj.org.br\/index.php\/wp-json\/wp\/v2\/posts"}],"about":[{"href":"https:\/\/pdt-rj.org.br\/index.php\/wp-json\/wp\/v2\/types\/post"}],"author":[{"embeddable":true,"href":"https:\/\/pdt-rj.org.br\/index.php\/wp-json\/wp\/v2\/users\/17"}],"replies":[{"embeddable":true,"href":"https:\/\/pdt-rj.org.br\/index.php\/wp-json\/wp\/v2\/comments?post=48972"}],"version-history":[{"count":1,"href":"https:\/\/pdt-rj.org.br\/index.php\/wp-json\/wp\/v2\/posts\/48972\/revisions"}],"predecessor-version":[{"id":56177,"href":"https:\/\/pdt-rj.org.br\/index.php\/wp-json\/wp\/v2\/posts\/48972\/revisions\/56177"}],"wp:attachment":[{"href":"https:\/\/pdt-rj.org.br\/index.php\/wp-json\/wp\/v2\/media?parent=48972"}],"wp:term":[{"taxonomy":"category","embeddable":true,"href":"https:\/\/pdt-rj.org.br\/index.php\/wp-json\/wp\/v2\/categories?post=48972"},{"taxonomy":"post_tag","embeddable":true,"href":"https:\/\/pdt-rj.org.br\/index.php\/wp-json\/wp\/v2\/tags?post=48972"}],"curies":[{"name":"wp","href":"https:\/\/api.w.org\/{rel}","templated":true}]}}