{"id":48919,"date":"2016-10-11T14:24:32","date_gmt":"2016-10-11T17:24:32","guid":{"rendered":"http:\/\/pdt-rj.org.br\/?post_type=artigo&#038;p=48919"},"modified":"2017-01-16T09:50:26","modified_gmt":"2017-01-16T11:50:26","slug":"o-avesso-do-projeto-de-desenvolvimento","status":"publish","type":"post","link":"https:\/\/pdt-rj.org.br\/index.php\/o-avesso-do-projeto-de-desenvolvimento\/","title":{"rendered":"O avesso do projeto de desenvolvimento"},"content":{"rendered":"<p>Um pa\u00eds em que 13 milh\u00f5es de pessoas com 15 anos ou mais s\u00e3o analfabetas e que o chamado analfabetismo funcional (aquele em que n\u00e3o se \u00e9 capaz de interpretar um texto, por exemplo) atinge 17,6% da popula\u00e7\u00e3o, vemos um governo ter a aud\u00e1cia de aprovar a limita\u00e7\u00e3o de verbas para a Educa\u00e7\u00e3o.<\/p>\n<p>Contando com a ajuda da C\u00e2mara \u2013 e, infelizmente, com a participa\u00e7\u00e3o de deputados pedetistas, sempre os mesmos \u2013 Temer fez passar na primeira vota\u00e7\u00e3o a PEC dos cortes. A partir de 2018, e pelos 20 anos seguintes, as verbas para Educa\u00e7\u00e3o ser\u00e3o corrigidas somente pela infla\u00e7\u00e3o. O que esperar de um governo que suspendeu o programa Brasil Alfabetizado?<\/p>\n<p>A medida vendida pela imprensa como ben\u00e9fica ao pa\u00eds \u00e9 uma cilada. Ela derruba a destina\u00e7\u00e3o de 18% de tudo que \u00e9 arrecadado pela Uni\u00e3o para a Educa\u00e7\u00e3o. Os preju\u00edzos s\u00e3o claros. Isso pode representar o atraso num pa\u00eds j\u00e1 deficit\u00e1rio em seu desenvolvimento.<\/p>\n<p>O ajuste tem de ser feito no pagamento de juros, nas isen\u00e7\u00f5es a grandes conglomerados empresariais (do campo e da cidade), na sonega\u00e7\u00e3o de impostos. Por isso, precisamos pressionar os deputados e senadores a n\u00e3o aprovar tamanho retrocesso.<\/p>\n<!-- AddThis Advanced Settings generic via filter on the_content --><!-- AddThis Share Buttons generic via filter on the_content -->","protected":false},"excerpt":{"rendered":"<p>Um pa\u00eds em que 13 milh\u00f5es de pessoas com 15 anos ou mais s\u00e3o analfabetas e que o chamado analfabetismo funcional (aquele em que n\u00e3o se \u00e9 capaz de interpretar um texto, por exemplo) atinge 17,6% da popula\u00e7\u00e3o, vemos um governo ter a aud\u00e1cia de aprovar a limita\u00e7\u00e3o de verbas para a Educa\u00e7\u00e3o. Contando com&#8230;<!-- AddThis Advanced Settings generic via filter on wp_trim_excerpt --><!-- AddThis Share Buttons generic via filter on wp_trim_excerpt --><\/p>\n","protected":false},"author":17,"featured_media":0,"comment_status":"closed","ping_status":"closed","sticky":false,"template":"","format":"standard","meta":{"_monsterinsights_skip_tracking":false,"_monsterinsights_sitenote_active":false,"_monsterinsights_sitenote_note":"","_monsterinsights_sitenote_category":0,"_uf_show_specific_survey":0,"_uf_disable_surveys":false,"footnotes":""},"categories":[1584],"tags":[1092,1857],"class_list":["post-48919","post","type-post","status-publish","format-standard","hentry","category-artigos","tag-milton-cavalo","tag-pec-dos-cortes"],"acf":[],"_links":{"self":[{"href":"https:\/\/pdt-rj.org.br\/index.php\/wp-json\/wp\/v2\/posts\/48919","targetHints":{"allow":["GET"]}}],"collection":[{"href":"https:\/\/pdt-rj.org.br\/index.php\/wp-json\/wp\/v2\/posts"}],"about":[{"href":"https:\/\/pdt-rj.org.br\/index.php\/wp-json\/wp\/v2\/types\/post"}],"author":[{"embeddable":true,"href":"https:\/\/pdt-rj.org.br\/index.php\/wp-json\/wp\/v2\/users\/17"}],"replies":[{"embeddable":true,"href":"https:\/\/pdt-rj.org.br\/index.php\/wp-json\/wp\/v2\/comments?post=48919"}],"version-history":[{"count":1,"href":"https:\/\/pdt-rj.org.br\/index.php\/wp-json\/wp\/v2\/posts\/48919\/revisions"}],"predecessor-version":[{"id":52167,"href":"https:\/\/pdt-rj.org.br\/index.php\/wp-json\/wp\/v2\/posts\/48919\/revisions\/52167"}],"wp:attachment":[{"href":"https:\/\/pdt-rj.org.br\/index.php\/wp-json\/wp\/v2\/media?parent=48919"}],"wp:term":[{"taxonomy":"category","embeddable":true,"href":"https:\/\/pdt-rj.org.br\/index.php\/wp-json\/wp\/v2\/categories?post=48919"},{"taxonomy":"post_tag","embeddable":true,"href":"https:\/\/pdt-rj.org.br\/index.php\/wp-json\/wp\/v2\/tags?post=48919"}],"curies":[{"name":"wp","href":"https:\/\/api.w.org\/{rel}","templated":true}]}}