{"id":48885,"date":"2016-10-10T18:47:57","date_gmt":"2016-10-10T21:47:57","guid":{"rendered":"http:\/\/pdt-rj.org.br\/?p=48885"},"modified":"2017-10-26T09:07:30","modified_gmt":"2017-10-26T11:07:30","slug":"carreata-gigantesca-de-edivaldo-holanda-jr-e-festejada-no-sao-luis-ma","status":"publish","type":"post","link":"https:\/\/pdt-rj.org.br\/index.php\/carreata-gigantesca-de-edivaldo-holanda-jr-e-festejada-no-sao-luis-ma\/","title":{"rendered":"Carreata &#8220;gigantesca&#8221; de Edivaldo Holanda Jr. \u00e9 festejada em S\u00e3o Lu\u00eds (MA)"},"content":{"rendered":"<p><img loading=\"lazy\" decoding=\"async\" class=\"alignnone size-medium wp-image-48886 alignleft\" src=\"http:\/\/pdt-rj.org.br\/wp-content\/uploads\/2016\/10\/Carreata-de-Edivaldo-no-S\u00e3o-Raimundo-374-300x200.jpg\" alt=\"Carreata de Edivaldo no S\u00e3o Raimundo \" width=\"300\" height=\"200\" srcset=\"https:\/\/pdt-rj.org.br\/wp-content\/uploads\/2016\/10\/Carreata-de-Edivaldo-no-S\u00e3o-Raimundo-374-300x200.jpg 300w, https:\/\/pdt-rj.org.br\/wp-content\/uploads\/2016\/10\/Carreata-de-Edivaldo-no-S\u00e3o-Raimundo-374-100x67.jpg 100w, https:\/\/pdt-rj.org.br\/wp-content\/uploads\/2016\/10\/Carreata-de-Edivaldo-no-S\u00e3o-Raimundo-374-768x512.jpg 768w, https:\/\/pdt-rj.org.br\/wp-content\/uploads\/2016\/10\/Carreata-de-Edivaldo-no-S\u00e3o-Raimundo-374.jpg 1024w, https:\/\/pdt-rj.org.br\/wp-content\/uploads\/2016\/10\/Carreata-de-Edivaldo-no-S\u00e3o-Raimundo-374-135x90.jpg 135w\" sizes=\"auto, (max-width: 300px) 100vw, 300px\" \/>O prefeito de S\u00e3o Lu\u00eds (MA) e candidato \u00e0 reelei\u00e7\u00e3o, Edivaldo Holanda Junior (PDT), participou, na manh\u00e3 desse domingo (09), de uma gigantesca carreata que percorreu as principais ruas e avenidas no S\u00e3o Raimundo, Pontal da Ilha, Apaco e Cidade Ol\u00edmpica. Por onde passava o cortejo de cerca de 500 ve\u00edculos \u2013 entre carros e motocicletas \u2013 animava os moradores dos bairros ao som das m\u00fasicas de campanha e do colorido das bandeiras.<\/p>\n<p>A forma\u00e7\u00e3o da longa fila dos carros, que formaram a mega carreata, come\u00e7ou a se concentrar por volta das 9h, nas proximidades da Expoema, na entrada do S\u00e3o Raimundo. Edivaldo chegou ao local acompanhado do vice na chapa da coliga\u00e7\u00e3o \u201cPra Seguir em Frente\u201d, J\u00falio Pinheiro (PCdoB), dos vereadores eleitos Osmar Filho (PDT) e Pedro Lucas (PTB), al\u00e9m de lideran\u00e7as pol\u00edticas.<\/p>\n<p>\u201cNesta etapa da campanha estamos intensificando o corpo a corpo, as caminhadas e carreatas como forma de agradecer os votos obtidos. E, claro, pedir votos para sairmos vitoriosos neste segundo turno, a fim de continuar melhorando a vida da popula\u00e7\u00e3o\u201d, afirmou Edivaldo.<\/p>\n<p>De cima da carroceria de uma camionete, Edivaldo e o vice na chapa, J\u00falio Pinheiro (PCdoB) avistavam o contentamento dos moradores, comerciantes que os saudavam como que agradecendo positivamente a gest\u00e3o do atual prefeito de S\u00e3o Lu\u00eds. \u201cEdivaldo \u00e9 a melhor op\u00e7\u00e3o, votar no outro \u00e9 atraso. Estamos na metade do caminho, agora \u00e9 s\u00f3 terminar a caminhada reelegendo o prefeito com vit\u00f3ria no segundo turno\u201d, disse o professor Juv\u00eancio Carvalho Pereira.<\/p>\n<p><strong>Primeira-dama <\/strong><\/p>\n<p>Enquanto Edivaldo estava na carreata \u2013 distante cerca de 30km \u2013, a primeira-dama do munic\u00edpio, Camila Holanda, colaborava com a equipe que programou para este domingo, na avenida Litor\u00e2nea, o \u201cAdesiva\u00e7o 12\u201d. Junto com a milit\u00e2ncia e simpatizantes da reelei\u00e7\u00e3o do candidato do PDT, Camila ajudava e entregar bandeirinhas e conversava com os eleitores.<\/p>\n<p>\u201cEdivaldo est\u00e1 realizando v\u00e1rias a\u00e7\u00f5es e a maioria da popula\u00e7\u00e3o sabe disso, mostrou com votos no primeiro turno. Estou aqui cooperando para que, se for da vontade de DEUS, ele seja vitorioso no dia 30 e ajude ainda mais a tornar S\u00e3o Lu\u00eds um cidade melhor para todos\u201d, enfatizou Camila Holanda.<\/p>\n<!-- AddThis Advanced Settings generic via filter on the_content --><!-- AddThis Share Buttons generic via filter on the_content -->","protected":false},"excerpt":{"rendered":"<p>O prefeito de S\u00e3o Lu\u00eds (MA) e candidato \u00e0 reelei\u00e7\u00e3o, Edivaldo Holanda Junior (PDT), participou, na manh\u00e3 desse domingo (09), de uma gigantesca carreata que percorreu as principais ruas e avenidas no S\u00e3o Raimundo, Pontal da Ilha, Apaco e Cidade Ol\u00edmpica. Por onde passava o cortejo de cerca de 500 ve\u00edculos \u2013 entre carros e&#8230;<!-- AddThis Advanced Settings generic via filter on wp_trim_excerpt --><!-- AddThis Share Buttons generic via filter on wp_trim_excerpt --><\/p>\n","protected":false},"author":17,"featured_media":0,"comment_status":"open","ping_status":"open","sticky":false,"template":"","format":"standard","meta":{"_monsterinsights_skip_tracking":false,"_monsterinsights_sitenote_active":false,"_monsterinsights_sitenote_note":"","_monsterinsights_sitenote_category":0,"_uf_show_specific_survey":0,"_uf_disable_surveys":false,"footnotes":""},"categories":[976],"tags":[1626,336,38],"class_list":["post-48885","post","type-post","status-publish","format-standard","hentry","category-noticias-em-destaque","tag-carreata-gigante","tag-edivaldo-holanda-junior","tag-pdt"],"acf":[],"_links":{"self":[{"href":"https:\/\/pdt-rj.org.br\/index.php\/wp-json\/wp\/v2\/posts\/48885","targetHints":{"allow":["GET"]}}],"collection":[{"href":"https:\/\/pdt-rj.org.br\/index.php\/wp-json\/wp\/v2\/posts"}],"about":[{"href":"https:\/\/pdt-rj.org.br\/index.php\/wp-json\/wp\/v2\/types\/post"}],"author":[{"embeddable":true,"href":"https:\/\/pdt-rj.org.br\/index.php\/wp-json\/wp\/v2\/users\/17"}],"replies":[{"embeddable":true,"href":"https:\/\/pdt-rj.org.br\/index.php\/wp-json\/wp\/v2\/comments?post=48885"}],"version-history":[{"count":1,"href":"https:\/\/pdt-rj.org.br\/index.php\/wp-json\/wp\/v2\/posts\/48885\/revisions"}],"predecessor-version":[{"id":56181,"href":"https:\/\/pdt-rj.org.br\/index.php\/wp-json\/wp\/v2\/posts\/48885\/revisions\/56181"}],"wp:attachment":[{"href":"https:\/\/pdt-rj.org.br\/index.php\/wp-json\/wp\/v2\/media?parent=48885"}],"wp:term":[{"taxonomy":"category","embeddable":true,"href":"https:\/\/pdt-rj.org.br\/index.php\/wp-json\/wp\/v2\/categories?post=48885"},{"taxonomy":"post_tag","embeddable":true,"href":"https:\/\/pdt-rj.org.br\/index.php\/wp-json\/wp\/v2\/tags?post=48885"}],"curies":[{"name":"wp","href":"https:\/\/api.w.org\/{rel}","templated":true}]}}