{"id":48797,"date":"2016-10-07T16:04:04","date_gmt":"2016-10-07T19:04:04","guid":{"rendered":"http:\/\/pdt-rj.org.br\/?p=48797"},"modified":"2017-10-26T09:07:31","modified_gmt":"2017-10-26T11:07:31","slug":"lupi-declara-apoio-a-jorge-lapas-em-osasco-sp","status":"publish","type":"post","link":"https:\/\/pdt-rj.org.br\/index.php\/lupi-declara-apoio-a-jorge-lapas-em-osasco-sp\/","title":{"rendered":"Lupi declara apoio total \u00e0 campanha de Jorge Lapas em Osasco (SP)"},"content":{"rendered":"<p><img loading=\"lazy\" decoding=\"async\" class=\"size-medium wp-image-48799 alignright\" src=\"http:\/\/pdt-rj.org.br\/wp-content\/uploads\/2016\/10\/PDT-Nac-5-300x200.jpg\" alt=\"Lupi declara apoio a Jorge Lapas em Osasco\" width=\"300\" height=\"200\" srcset=\"https:\/\/pdt-rj.org.br\/wp-content\/uploads\/2016\/10\/PDT-Nac-5-300x200.jpg 300w, https:\/\/pdt-rj.org.br\/wp-content\/uploads\/2016\/10\/PDT-Nac-5-100x67.jpg 100w, https:\/\/pdt-rj.org.br\/wp-content\/uploads\/2016\/10\/PDT-Nac-5-768x512.jpg 768w, https:\/\/pdt-rj.org.br\/wp-content\/uploads\/2016\/10\/PDT-Nac-5.jpg 1024w, https:\/\/pdt-rj.org.br\/wp-content\/uploads\/2016\/10\/PDT-Nac-5-135x90.jpg 135w\" sizes=\"auto, (max-width: 300px) 100vw, 300px\" \/>O presidente nacional do PDT, <a href=\"https:\/\/www.facebook.com\/LupiPDT\/?fref=ts\">Carlos Lupi<\/a>, declarou apoio total \u00e0 reelei\u00e7\u00e3o do prefeito de Osasco (SP), <a href=\"https:\/\/www.facebook.com\/jorge.lapas\/?fref=ts\">Jorge Lapas<\/a>, na \u00faltima quarta-feira (05), durante reuni\u00e3o geral do partido no munic\u00edpio. Na ocasi\u00e3o, ele tamb\u00e9m parabenizou os vereadores eleitos: <a href=\"https:\/\/www.facebook.com\/AlexdaAcademia\/?fref=ts\">Alex da Academia<\/a> e <a href=\"https:\/\/www.facebook.com\/regiamaria.gouveiasarmento\/?pnref=story\">Dra.\u00a0R\u00e9gia<\/a>, e contribuiu com diversas sugest\u00f5es para a constru\u00e7\u00e3o da campanha de Lapas para o segundo turno.<\/p>\n<p>Na presen\u00e7a do presidente municipal do parti do, Milton Cavalo, dos vereadores eleitos, de todos os 26 candidatos a vereadores e v\u00e1rios militantes da legenda, Lupi destacou a import\u00e2ncia de Osasco para o PDT, considerando seu hist\u00f3rico com o trabalhismo e o contexto estadual que atualmente ocupa.<\/p>\n<p>O presidente nacional tamb\u00e9m ressaltou a import\u00e2ncia do empenho da milit\u00e2ncia, principalmente nas ruas de Osasco. \u201cAgora a disputa est\u00e1 f\u00e1cil. \u00c9 entre o limpo contra o sujo, a \u00e9tica contra o anti\u00e9tico. \u00c9 entre quem tem compet\u00eancia contra quem n\u00e3o tem, e n\u00f3s temos que saber falar isso para a popula\u00e7\u00e3o\u201d, comparou.<\/p>\n<p>Em seu discurso, Cavalo agradeceu a toda milit\u00e2ncia pedetista pela campanha e pelo apoio aos candidatos, principalmente por todos terem honrado as cores da bandeira e os princ\u00edpios do PDT.<\/p>\n<p>\u201cSab\u00edamos que ter\u00edamos muitos desafios e que a vit\u00f3ria n\u00e3o seria f\u00e1cil, mas o que nos motiva \u00e9 que n\u00f3s n\u00e3o fugimos da luta, n\u00f3s n\u00e3o perdemos a guerra e, com certeza, sairemos vitoriosos neste segundo turno, reelegendo o prefeito do PDT em Osasco\u201d, afirmou.<\/p>\n<p>Jorge Lapas parabenizou a todos pelo trabalho no primeiro turno, pediu o apoio de todos para a segunda fase das elei\u00e7\u00f5es e falou do seu compromisso com o partido e com a cidade. Ele se declarou muito empenhado nesta disputa e informou que far\u00e1 alian\u00e7as, por\u00e9m n\u00e3o a qualquer custo nem a qualquer pre\u00e7o.<\/p>\n<p>\u201cN\u00e3o vamos negociar a ess\u00eancia do partido. E tenham a certeza de que voc\u00eas nunca v\u00e3o se envergonhar de mim, ningu\u00e9m aqui tem problemas com a justi\u00e7a e aqui n\u00f3s andamos de cabe\u00e7a erguida pela nossa cidade\u201d.<\/p>\n<p>Lapas destacou, ainda, os avan\u00e7os que a cidade teve nas \u00e1reas de infraestrutura, educa\u00e7\u00e3o, assist\u00eancia e sa\u00fade, e se comprometeu dar continuidade \u00e0s pol\u00edticas, projetos e a\u00e7\u00f5es, como constam em seu plano de governo. Agradeceu a todos os candidatos a vereadores pelo trabalho e empenho e finalizou dizendo: \u201cTenho certeza da nossa vit\u00f3ria, nesse segundo turno\u201d.<\/p>\n<!-- AddThis Advanced Settings generic via filter on the_content --><!-- AddThis Share Buttons generic via filter on the_content -->","protected":false},"excerpt":{"rendered":"<p>O presidente nacional do PDT, Carlos Lupi, declarou apoio total \u00e0 reelei\u00e7\u00e3o do prefeito de Osasco (SP), Jorge Lapas, na \u00faltima quarta-feira (05), durante reuni\u00e3o geral do partido no munic\u00edpio. Na ocasi\u00e3o, ele tamb\u00e9m parabenizou os vereadores eleitos: Alex da Academia e Dra.\u00a0R\u00e9gia, e contribuiu com diversas sugest\u00f5es para a constru\u00e7\u00e3o da campanha de Lapas&#8230;<!-- AddThis Advanced Settings generic via filter on wp_trim_excerpt --><!-- AddThis Share Buttons generic via filter on wp_trim_excerpt --><\/p>\n","protected":false},"author":17,"featured_media":0,"comment_status":"open","ping_status":"open","sticky":false,"template":"","format":"standard","meta":{"_monsterinsights_skip_tracking":false,"_monsterinsights_sitenote_active":false,"_monsterinsights_sitenote_note":"","_monsterinsights_sitenote_category":0,"_uf_show_specific_survey":0,"_uf_disable_surveys":false,"footnotes":""},"categories":[976],"tags":[196,1411,38],"class_list":["post-48797","post","type-post","status-publish","format-standard","hentry","category-noticias-em-destaque","tag-carlos-lupi","tag-osasco","tag-pdt"],"acf":[],"_links":{"self":[{"href":"https:\/\/pdt-rj.org.br\/index.php\/wp-json\/wp\/v2\/posts\/48797","targetHints":{"allow":["GET"]}}],"collection":[{"href":"https:\/\/pdt-rj.org.br\/index.php\/wp-json\/wp\/v2\/posts"}],"about":[{"href":"https:\/\/pdt-rj.org.br\/index.php\/wp-json\/wp\/v2\/types\/post"}],"author":[{"embeddable":true,"href":"https:\/\/pdt-rj.org.br\/index.php\/wp-json\/wp\/v2\/users\/17"}],"replies":[{"embeddable":true,"href":"https:\/\/pdt-rj.org.br\/index.php\/wp-json\/wp\/v2\/comments?post=48797"}],"version-history":[{"count":1,"href":"https:\/\/pdt-rj.org.br\/index.php\/wp-json\/wp\/v2\/posts\/48797\/revisions"}],"predecessor-version":[{"id":56186,"href":"https:\/\/pdt-rj.org.br\/index.php\/wp-json\/wp\/v2\/posts\/48797\/revisions\/56186"}],"wp:attachment":[{"href":"https:\/\/pdt-rj.org.br\/index.php\/wp-json\/wp\/v2\/media?parent=48797"}],"wp:term":[{"taxonomy":"category","embeddable":true,"href":"https:\/\/pdt-rj.org.br\/index.php\/wp-json\/wp\/v2\/categories?post=48797"},{"taxonomy":"post_tag","embeddable":true,"href":"https:\/\/pdt-rj.org.br\/index.php\/wp-json\/wp\/v2\/tags?post=48797"}],"curies":[{"name":"wp","href":"https:\/\/api.w.org\/{rel}","templated":true}]}}