{"id":48757,"date":"2016-10-06T15:17:17","date_gmt":"2016-10-06T18:17:17","guid":{"rendered":"http:\/\/pdt-rj.org.br\/?p=48757"},"modified":"2017-10-26T09:07:31","modified_gmt":"2017-10-26T11:07:31","slug":"com-a-bencao-da-chuva-vidigal-retoma-caminhadas-pelas-elas-de-serra-es","status":"publish","type":"post","link":"https:\/\/pdt-rj.org.br\/index.php\/com-a-bencao-da-chuva-vidigal-retoma-caminhadas-pelas-elas-de-serra-es\/","title":{"rendered":"Com a \u201cben\u00e7\u00e3o da chuva\u201d, Vidigal retoma caminhadas pelas elas de Serra (ES)"},"content":{"rendered":"<p><img loading=\"lazy\" decoding=\"async\" class=\"alignnone size-medium wp-image-48758 alignleft\" src=\"http:\/\/pdt-rj.org.br\/wp-content\/uploads\/2016\/10\/49838643-384e-43a5-8538-ede1fccc79c1-300x200.jpg\" alt=\"Com a \u201cben\u00e7\u00e3o da chuva\u201d, Vidigal retoma caminhadas pelas ruas de Serra (ES)\" width=\"300\" height=\"200\" srcset=\"https:\/\/pdt-rj.org.br\/wp-content\/uploads\/2016\/10\/49838643-384e-43a5-8538-ede1fccc79c1-300x200.jpg 300w, https:\/\/pdt-rj.org.br\/wp-content\/uploads\/2016\/10\/49838643-384e-43a5-8538-ede1fccc79c1-100x67.jpg 100w, https:\/\/pdt-rj.org.br\/wp-content\/uploads\/2016\/10\/49838643-384e-43a5-8538-ede1fccc79c1-768x512.jpg 768w, https:\/\/pdt-rj.org.br\/wp-content\/uploads\/2016\/10\/49838643-384e-43a5-8538-ede1fccc79c1.jpg 1024w, https:\/\/pdt-rj.org.br\/wp-content\/uploads\/2016\/10\/49838643-384e-43a5-8538-ede1fccc79c1-135x90.jpg 135w\" sizes=\"auto, (max-width: 300px) 100vw, 300px\" \/>Evento com lideran\u00e7as realizado na noite de ontem (05) marcou o start da \u201cCampanha Vidigal 12\u201d deste segundo turno. Na manh\u00e3 desta quinta (06), o candidato a prefeito da Serra (ES), Sergio Vidigal (PDT), retomou suas caminhadas pela cidade.<\/p>\n<p>Pela manh\u00e3, Vidigal caminhou pelas ruas de Jardim Limoeiro. Nem a chuva impediu o contato com os moradores. O pedetista fez quest\u00e3o de lembrar que o clima aparentemente adverso, na verdade, \u00e9 sin\u00f4nimo de boa nova.<\/p>\n<p>\u201cNa estiagem que vivenciamos hoje, essa chuva \u00e9 muito bem vinda. Que n\u00e3o chova somente aqui, mas que chova tamb\u00e9m na cabeceira dos nossos rios. A chuva \u00e9 uma ben\u00e7\u00e3o. Nada melhor que come\u00e7ar uma caminhada sendo aben\u00e7oado\u201d, disse.<\/p>\n<p>&#8220;Gostaria de agradecer a cada um de voc\u00eas que nos colocou no segundo turno e elegeu 12 vereadores de mossa coliga\u00e7\u00e3o. Hoje \u00e9 nosso aquecimento deste segundo turno&#8221;, animou Vidigal, que lembrou que este segundo turno ser\u00e1 como o primeiro. &#8220;Vamos gastar muita sola de sapato e, junto com voc\u00eas, vamos levar para nossos amigos e familiares, as melhores propostas para nosso munic\u00edpio&#8221;, complementou o pedetista.<\/p>\n<p>\u00c0 noite, com muita anima\u00e7\u00e3o e mais de 500 pessoas presentes, Sergio Vidigal, se reuniu em um encontro que ele chamou de &#8220;aquecimento para o segundo turno&#8221;. O evento contou com a presen\u00e7a de presidentes de partidos aliados, vereadores de mandato e eleitos para a pr\u00f3xima legislatura.<\/p>\n<p>Na tarde desta quinta, Sergio Vidigal caminha pelas ruas de Nova Almeida.<\/p>\n<p><strong>Agenda<\/strong><br \/>Nesta quinta (6), a campanha &#8220;Vidigal 12&#8221; retoma suas caminhadas pelas ruas da Serra. Pela manh\u00e3, Vidigal caminhar\u00e1 por Jardim Limoeiro e, \u00e0 tarde, por Nova Almeida.<\/p>\n<p>Ainda nesta quinta, o candidato a prefeito ir\u00e1 se reunir com agentes de sa\u00fade.<\/p>\n<!-- AddThis Advanced Settings generic via filter on the_content --><!-- AddThis Share Buttons generic via filter on the_content -->","protected":false},"excerpt":{"rendered":"<p>Evento com lideran\u00e7as realizado na noite de ontem (05) marcou o start da \u201cCampanha Vidigal 12\u201d deste segundo turno. Na manh\u00e3 desta quinta (06), o candidato a prefeito da Serra (ES), Sergio Vidigal (PDT), retomou suas caminhadas pela cidade. Pela manh\u00e3, Vidigal caminhou pelas ruas de Jardim Limoeiro. Nem a chuva impediu o contato com&#8230;<!-- AddThis Advanced Settings generic via filter on wp_trim_excerpt --><!-- AddThis Share Buttons generic via filter on wp_trim_excerpt --><\/p>\n","protected":false},"author":17,"featured_media":0,"comment_status":"open","ping_status":"open","sticky":false,"template":"","format":"standard","meta":{"_monsterinsights_skip_tracking":false,"_monsterinsights_sitenote_active":false,"_monsterinsights_sitenote_note":"","_monsterinsights_sitenote_category":0,"_uf_show_specific_survey":0,"_uf_disable_surveys":false,"footnotes":""},"categories":[976],"tags":[1614,38,873,1615],"class_list":["post-48757","post","type-post","status-publish","format-standard","hentry","category-noticias-em-destaque","tag-campanha-vidigal-12","tag-pdt","tag-sergio-vidigal","tag-serra"],"acf":[],"_links":{"self":[{"href":"https:\/\/pdt-rj.org.br\/index.php\/wp-json\/wp\/v2\/posts\/48757","targetHints":{"allow":["GET"]}}],"collection":[{"href":"https:\/\/pdt-rj.org.br\/index.php\/wp-json\/wp\/v2\/posts"}],"about":[{"href":"https:\/\/pdt-rj.org.br\/index.php\/wp-json\/wp\/v2\/types\/post"}],"author":[{"embeddable":true,"href":"https:\/\/pdt-rj.org.br\/index.php\/wp-json\/wp\/v2\/users\/17"}],"replies":[{"embeddable":true,"href":"https:\/\/pdt-rj.org.br\/index.php\/wp-json\/wp\/v2\/comments?post=48757"}],"version-history":[{"count":1,"href":"https:\/\/pdt-rj.org.br\/index.php\/wp-json\/wp\/v2\/posts\/48757\/revisions"}],"predecessor-version":[{"id":56188,"href":"https:\/\/pdt-rj.org.br\/index.php\/wp-json\/wp\/v2\/posts\/48757\/revisions\/56188"}],"wp:attachment":[{"href":"https:\/\/pdt-rj.org.br\/index.php\/wp-json\/wp\/v2\/media?parent=48757"}],"wp:term":[{"taxonomy":"category","embeddable":true,"href":"https:\/\/pdt-rj.org.br\/index.php\/wp-json\/wp\/v2\/categories?post=48757"},{"taxonomy":"post_tag","embeddable":true,"href":"https:\/\/pdt-rj.org.br\/index.php\/wp-json\/wp\/v2\/tags?post=48757"}],"curies":[{"name":"wp","href":"https:\/\/api.w.org\/{rel}","templated":true}]}}