{"id":48539,"date":"2016-09-30T17:50:27","date_gmt":"2016-09-30T20:50:27","guid":{"rendered":"http:\/\/www.malungo2.com.br\/pdt\/desenv\/?p=48539"},"modified":"2017-10-26T09:07:33","modified_gmt":"2017-10-26T11:07:33","slug":"roberto-claudio-e-ovacionado-por-comerciantes-permissionarios-em-fortaleza","status":"publish","type":"post","link":"https:\/\/pdt-rj.org.br\/index.php\/roberto-claudio-e-ovacionado-por-comerciantes-permissionarios-em-fortaleza\/","title":{"rendered":"Roberto Cl\u00e1udio \u00e9 ovacionado por comerciantes permission\u00e1rios em Fortaleza"},"content":{"rendered":"<p><img loading=\"lazy\" decoding=\"async\" class=\"alignnone size-medium wp-image-48540 alignleft\" src=\"http:\/\/pdt-rj.org.br\/wp-content\/uploads\/2016\/09\/30.09.16-Roberto-Claudio-Beco-da-Poeira-10-1-300x200.jpg\" alt=\"Roberto Claudio - Beco da Poeira (10)\" width=\"300\" height=\"200\" srcset=\"https:\/\/pdt-rj.org.br\/wp-content\/uploads\/2016\/09\/30.09.16-Roberto-Claudio-Beco-da-Poeira-10-1-300x200.jpg 300w, https:\/\/pdt-rj.org.br\/wp-content\/uploads\/2016\/09\/30.09.16-Roberto-Claudio-Beco-da-Poeira-10-1-100x67.jpg 100w, https:\/\/pdt-rj.org.br\/wp-content\/uploads\/2016\/09\/30.09.16-Roberto-Claudio-Beco-da-Poeira-10-1-768x512.jpg 768w, https:\/\/pdt-rj.org.br\/wp-content\/uploads\/2016\/09\/30.09.16-Roberto-Claudio-Beco-da-Poeira-10-1.jpg 1024w, https:\/\/pdt-rj.org.br\/wp-content\/uploads\/2016\/09\/30.09.16-Roberto-Claudio-Beco-da-Poeira-10-1-135x90.jpg 135w\" sizes=\"auto, (max-width: 300px) 100vw, 300px\" \/>O prefeito e candidato \u00e0 reelei\u00e7\u00e3o <a href=\"https:\/\/www.facebook.com\/prefeitorobertoclaudio\/?fref=ts\">Roberto Cl\u00e1udio<\/a> (PDT) foi recebido nesta sexta-feira (30) com gritos de apoio e aplausos de permission\u00e1rios do Mercado Central e do Beco da Poeira, em Fortaleza (CE). A atual gest\u00e3o tem investido na requalifica\u00e7\u00e3o de mercados p\u00fablicos como forma de gera\u00e7\u00e3o de emprego e renda.<\/p>\n<p>Em dezembro de 2015, o prefeito Roberto Cl\u00e1udio entregou a reforma do Beco da Poeira, que recebeu investimento de R$ 1,2 milh\u00e3o. Desde a sua inaugura\u00e7\u00e3o, em 2010, o local n\u00e3o passava por melhorias.<\/p>\n<p>A reforma consistiu na recupera\u00e7\u00e3o de toda a cobertura, pintura interna e da fachada, manuten\u00e7\u00e3o do elevador, amplia\u00e7\u00e3o da pra\u00e7a de alimenta\u00e7\u00e3o e novo revestimento cer\u00e2mico do espa\u00e7o, revis\u00e3o completa dos sistemas el\u00e9trico e hidr\u00e1ulico, instala\u00e7\u00e3o de ventiladores, novos bebedouros e sistema de som, al\u00e9m de uma nova sinaliza\u00e7\u00e3o, rampas de acessibilidade e c\u00e2meras de seguran\u00e7a. Tamb\u00e9m foram feitas melhorias nos banheiros, que receberam bancadas e divis\u00f3rias de granito, espelhos e sanit\u00e1rios para deficientes f\u00edsicos.<\/p>\n<p>J\u00e1 no Mercado Central, visitantes e turistas contam com espa\u00e7o moderno, pr\u00f3ximo \u00e0 Praia de Iracema. No local, s\u00e3o comercializados artesanato, incluindo artigos em couro (sand\u00e1lias, sapatos, chap\u00e9us, bolsas e malas), renda e bordado em roupas e em pe\u00e7as de cama, mesa e banho, rendas de bilro, camisetas, lembrancinhas como pequenas jangadas, bijuterias, joias em ouro e artigos para decora\u00e7\u00e3o. E ainda restaurantes e bebidas regionais.<\/p>\n<p>Os permission\u00e1rios aprovaram as melhorias nos mercados e tamb\u00e9m falaram sobre outros avan\u00e7os da gest\u00e3o Roberto Cl\u00e1udio. &#8220;Ele merece mais quatro, pois fez muito pelos fortalezenses. Agora, temos novos postos de sa\u00fade e pra\u00e7as reformadas&#8221;, disse a permission\u00e1ria Aline Oliveira da Silva, que mora no Vicente Pinz\u00f3n.<\/p>\n<!-- AddThis Advanced Settings generic via filter on the_content --><!-- AddThis Share Buttons generic via filter on the_content -->","protected":false},"excerpt":{"rendered":"<p>O prefeito e candidato \u00e0 reelei\u00e7\u00e3o Roberto Cl\u00e1udio (PDT) foi recebido nesta sexta-feira (30) com gritos de apoio e aplausos de permission\u00e1rios do Mercado Central e do Beco da Poeira, em Fortaleza (CE). A atual gest\u00e3o tem investido na requalifica\u00e7\u00e3o de mercados p\u00fablicos como forma de gera\u00e7\u00e3o de emprego e renda. Em dezembro de 2015,&#8230;<!-- AddThis Advanced Settings generic via filter on wp_trim_excerpt --><!-- AddThis Share Buttons generic via filter on wp_trim_excerpt --><\/p>\n","protected":false},"author":17,"featured_media":0,"comment_status":"open","ping_status":"open","sticky":false,"template":"","format":"standard","meta":{"_monsterinsights_skip_tracking":false,"_monsterinsights_sitenote_active":false,"_monsterinsights_sitenote_note":"","_monsterinsights_sitenote_category":0,"_uf_show_specific_survey":0,"_uf_disable_surveys":false,"footnotes":""},"categories":[976],"tags":[2230,1403,38,2231,2232,836],"class_list":["post-48539","post","type-post","status-publish","format-standard","hentry","category-noticias-em-destaque","tag-comercio","tag-fortaleza-ce","tag-pdt","tag-permissionarios","tag-requalificacao-de-mercados","tag-roberto-claudio"],"acf":[],"_links":{"self":[{"href":"https:\/\/pdt-rj.org.br\/index.php\/wp-json\/wp\/v2\/posts\/48539","targetHints":{"allow":["GET"]}}],"collection":[{"href":"https:\/\/pdt-rj.org.br\/index.php\/wp-json\/wp\/v2\/posts"}],"about":[{"href":"https:\/\/pdt-rj.org.br\/index.php\/wp-json\/wp\/v2\/types\/post"}],"author":[{"embeddable":true,"href":"https:\/\/pdt-rj.org.br\/index.php\/wp-json\/wp\/v2\/users\/17"}],"replies":[{"embeddable":true,"href":"https:\/\/pdt-rj.org.br\/index.php\/wp-json\/wp\/v2\/comments?post=48539"}],"version-history":[{"count":1,"href":"https:\/\/pdt-rj.org.br\/index.php\/wp-json\/wp\/v2\/posts\/48539\/revisions"}],"predecessor-version":[{"id":53516,"href":"https:\/\/pdt-rj.org.br\/index.php\/wp-json\/wp\/v2\/posts\/48539\/revisions\/53516"}],"wp:attachment":[{"href":"https:\/\/pdt-rj.org.br\/index.php\/wp-json\/wp\/v2\/media?parent=48539"}],"wp:term":[{"taxonomy":"category","embeddable":true,"href":"https:\/\/pdt-rj.org.br\/index.php\/wp-json\/wp\/v2\/categories?post=48539"},{"taxonomy":"post_tag","embeddable":true,"href":"https:\/\/pdt-rj.org.br\/index.php\/wp-json\/wp\/v2\/tags?post=48539"}],"curies":[{"name":"wp","href":"https:\/\/api.w.org\/{rel}","templated":true}]}}