{"id":48484,"date":"2016-10-03T10:09:12","date_gmt":"2016-10-03T13:09:12","guid":{"rendered":"http:\/\/pdt-rj.org.br\/?p=48484"},"modified":"2017-10-26T09:07:33","modified_gmt":"2017-10-26T11:07:33","slug":"eleicoes-2016-candidato-para-ser-diplomado-precisa-estar-com-registro-aprovado","status":"publish","type":"post","link":"https:\/\/pdt-rj.org.br\/index.php\/eleicoes-2016-candidato-para-ser-diplomado-precisa-estar-com-registro-aprovado\/","title":{"rendered":"Candidato para ser diplomado precisa estar com registro aprovado"},"content":{"rendered":"<p>Os candidatos das Elei\u00e7\u00f5es Municipais 2016 que concorrerem neste domingo (2) com o registro indeferido e que tenham ingressado com recurso n\u00e3o ter\u00e3o seus votos computados, salvo se houver decis\u00e3o final pelo deferimento de seus registros. Isso significa que, mesmo que tenham recebido vota\u00e7\u00e3o suficiente para serem eleitos, somente ter\u00e3o seus votos contabilizados e poder\u00e3o ser diplomados se tiverem seus registros aprovados pela Justi\u00e7a Eleitoral.<\/p>\n<p>Conforme jurisprud\u00eancia consolidada do Tribunal Superior Eleitoral (TSE), n\u00e3o se computam para a legenda os votos dados aos candidatos com os registros indeferidos \u00e0 data da elei\u00e7\u00e3o, ainda que a decis\u00e3o no processo de registro s\u00f3 transite em julgado ap\u00f3s o pleito. Apesar de n\u00e3o serem contabilizados, os votos dos candidatos nessa situa\u00e7\u00e3o ficar\u00e3o armazenados separadamente e poder\u00e3o ser consultados por eleitores e demais interessados.<\/p>\n<p>Se ap\u00f3s o pleito o ju\u00edzo eleitoral proferir decis\u00e3o pelo deferimento dos registros desses candidatos, os votos recebidos por eles passar\u00e3o a ser computados. Dessa forma, na hip\u00f3tese de o concorrente ter obtido vota\u00e7\u00e3o suficiente para ser eleito, ele dever\u00e1 ser diplomado pela Justi\u00e7a Eleitoral. A diploma\u00e7\u00e3o dos candidatos eleitos dever\u00e1 ocorrer at\u00e9 o dia 19 de dezembro.<\/p>\n<p>Caso a decis\u00e3o seja pelo indeferimento do registro, os votos recebidos ser\u00e3o anulados pela Justi\u00e7a Eleitoral, em conformidade com o par\u00e1grafo 3\u00ba do artigo 175 do C\u00f3digo Eleitoral (<a href=\"http:\/\/www.planalto.gov.br\/ccivil_03\/leis\/L4737.htm\">Lei n\u00ba 4.737\/1965<\/a>). O dispositivo estabelece que: \u201cSer\u00e3o nulos, para todos os efeitos, os votos dados a candidatos ineleg\u00edveis ou n\u00e3o registrados\u201d.<\/p>\n<p><strong>Votos nulos X votos anulados<\/strong><\/p>\n<p>Os votos anulados pela Justi\u00e7a Eleitoral em consequ\u00eancia de decis\u00e3o final pelo indeferimento de registro de candidatura podem acarretar novas elei\u00e7\u00f5es na seguinte situa\u00e7\u00e3o: se a nulidade atingir a mais de metade dos votos do pa\u00eds nas elei\u00e7\u00f5es presidenciais, do estado nas elei\u00e7\u00f5es federais e estaduais ou do munic\u00edpio nas elei\u00e7\u00f5es municipais.<\/p>\n<p>Nestes casos, dever\u00e3o ser julgadas prejudicadas as demais vota\u00e7\u00f5es e o respectivo tribunal marcar\u00e1 dia para nova elei\u00e7\u00e3o dentro do prazo de 20 a 40 dias.<\/p>\n<p>A regra est\u00e1 prevista no artigo 224 do C\u00f3digo Eleitoral, que sofreu algumas mudan\u00e7as com a Reforma Eleitoral de 2015 (<a href=\"http:\/\/www.planalto.gov.br\/ccivil_03\/_ato2015-2018\/2015\/lei\/l13165.htm\">Lei n\u00ba 13.165<\/a>). Uma das altera\u00e7\u00f5es est\u00e1 prevista no par\u00e1grafo 3\u00ba do dispositivo, segundo o qual dever\u00e3o ser realizadas novas elei\u00e7\u00f5es sempre que houver, independentemente do n\u00famero de votos anulados e ap\u00f3s o tr\u00e2nsito em julgado, \u201cdecis\u00e3o da Justi\u00e7a Eleitoral que importe o indeferimento do registro, a cassa\u00e7\u00e3o do diploma ou a perda do mandato de candidato eleito em pleito majorit\u00e1rio\u201d.<\/p>\n<p>No caso de serem realizadas novas elei\u00e7\u00f5es, elas dever\u00e3o ser: indiretas [escolha do representante pelo respectivo Poder Legislativo], se a vaga do cargo surgir a menos de seis meses do final do mandato; ou diretas, nos demais casos.<\/p>\n<p>J\u00e1 os votos nulos s\u00e3o consequ\u00eancia da digita\u00e7\u00e3o, pelo eleitor, de um n\u00famero que n\u00e3o corresponda a nenhum dos candidatos registrados naquela elei\u00e7\u00e3o. Em resumo, s\u00e3o votos considerados n\u00e3o v\u00e1lidos, assim como os votos em branco, e, por isso, n\u00e3o s\u00e3o computados para nenhum candidato. Cabe ressaltar que apenas os votos v\u00e1lidos s\u00e3o contabilizados.<\/p>\n<!-- AddThis Advanced Settings generic via filter on the_content --><!-- AddThis Share Buttons generic via filter on the_content -->","protected":false},"excerpt":{"rendered":"<p>Os candidatos das Elei\u00e7\u00f5es Municipais 2016 que concorrerem neste domingo (2) com o registro indeferido e que tenham ingressado com recurso n\u00e3o ter\u00e3o seus votos computados, salvo se houver decis\u00e3o final pelo deferimento de seus registros. Isso significa que, mesmo que tenham recebido vota\u00e7\u00e3o suficiente para serem eleitos, somente ter\u00e3o seus votos contabilizados e poder\u00e3o&#8230;<!-- AddThis Advanced Settings generic via filter on wp_trim_excerpt --><!-- AddThis Share Buttons generic via filter on wp_trim_excerpt --><\/p>\n","protected":false},"author":17,"featured_media":48486,"comment_status":"open","ping_status":"open","sticky":false,"template":"","format":"standard","meta":{"_monsterinsights_skip_tracking":false,"_monsterinsights_sitenote_active":false,"_monsterinsights_sitenote_note":"","_monsterinsights_sitenote_category":0,"_uf_show_specific_survey":0,"_uf_disable_surveys":false,"footnotes":""},"categories":[976],"tags":[347],"class_list":["post-48484","post","type-post","status-publish","format-standard","has-post-thumbnail","hentry","category-noticias-em-destaque","tag-eleicoes-2016"],"acf":[],"_links":{"self":[{"href":"https:\/\/pdt-rj.org.br\/index.php\/wp-json\/wp\/v2\/posts\/48484","targetHints":{"allow":["GET"]}}],"collection":[{"href":"https:\/\/pdt-rj.org.br\/index.php\/wp-json\/wp\/v2\/posts"}],"about":[{"href":"https:\/\/pdt-rj.org.br\/index.php\/wp-json\/wp\/v2\/types\/post"}],"author":[{"embeddable":true,"href":"https:\/\/pdt-rj.org.br\/index.php\/wp-json\/wp\/v2\/users\/17"}],"replies":[{"embeddable":true,"href":"https:\/\/pdt-rj.org.br\/index.php\/wp-json\/wp\/v2\/comments?post=48484"}],"version-history":[{"count":1,"href":"https:\/\/pdt-rj.org.br\/index.php\/wp-json\/wp\/v2\/posts\/48484\/revisions"}],"predecessor-version":[{"id":56201,"href":"https:\/\/pdt-rj.org.br\/index.php\/wp-json\/wp\/v2\/posts\/48484\/revisions\/56201"}],"wp:featuredmedia":[{"embeddable":true,"href":"https:\/\/pdt-rj.org.br\/index.php\/wp-json\/wp\/v2\/media\/48486"}],"wp:attachment":[{"href":"https:\/\/pdt-rj.org.br\/index.php\/wp-json\/wp\/v2\/media?parent=48484"}],"wp:term":[{"taxonomy":"category","embeddable":true,"href":"https:\/\/pdt-rj.org.br\/index.php\/wp-json\/wp\/v2\/categories?post=48484"},{"taxonomy":"post_tag","embeddable":true,"href":"https:\/\/pdt-rj.org.br\/index.php\/wp-json\/wp\/v2\/tags?post=48484"}],"curies":[{"name":"wp","href":"https:\/\/api.w.org\/{rel}","templated":true}]}}