{"id":48257,"date":"2016-09-22T16:03:06","date_gmt":"2016-09-22T19:03:06","guid":{"rendered":"http:\/\/www.malungo2.com.br\/pdt\/desenv\/?p=48257"},"modified":"2017-10-26T09:07:36","modified_gmt":"2017-10-26T11:07:36","slug":"para-mario-heringer-creche-e-pre-escola-devem-ser-priorizadas-no-minha-casa-minha-vida","status":"publish","type":"post","link":"https:\/\/pdt-rj.org.br\/index.php\/para-mario-heringer-creche-e-pre-escola-devem-ser-priorizadas-no-minha-casa-minha-vida\/","title":{"rendered":"Para M\u00e1rio Heringer, creche e pr\u00e9-escola devem ser priorizadas no Minha Casa Minha Vida"},"content":{"rendered":"<p><img loading=\"lazy\" decoding=\"async\" class=\"alignnone size-medium wp-image-48258 alignright\" src=\"http:\/\/pdt-rj.org.br\/wp-content\/uploads\/2016\/09\/M\u00e1rio-Heringer-153-1024x680-1-300x199.jpg\" alt=\"Deputado Federal M\u00e1rio Heringer\" width=\"300\" height=\"199\" srcset=\"https:\/\/pdt-rj.org.br\/wp-content\/uploads\/2016\/09\/M\u00e1rio-Heringer-153-1024x680-1-300x199.jpg 300w, https:\/\/pdt-rj.org.br\/wp-content\/uploads\/2016\/09\/M\u00e1rio-Heringer-153-1024x680-1-100x66.jpg 100w, https:\/\/pdt-rj.org.br\/wp-content\/uploads\/2016\/09\/M\u00e1rio-Heringer-153-1024x680-1-768x510.jpg 768w, https:\/\/pdt-rj.org.br\/wp-content\/uploads\/2016\/09\/M\u00e1rio-Heringer-153-1024x680-1.jpg 1024w, https:\/\/pdt-rj.org.br\/wp-content\/uploads\/2016\/09\/M\u00e1rio-Heringer-153-1024x680-1-136x90.jpg 136w\" sizes=\"auto, (max-width: 300px) 100vw, 300px\" \/>O deputado M\u00e1rio Heringer (PDT-MG) apresentou uma proposta (PL <a href=\"http:\/\/www.camara.gov.br\/proposicoesWeb\/fichadetramitacao?idProposicao=2112326\">6182\/16<\/a>) que altera a lei do Programa Minha Casa, Minha Vida e a regulariza\u00e7\u00e3o fundi\u00e1ria de assentamentos localizados em \u00e1reas urbanas.<\/p>\n<p>O texto torna obrigat\u00f3rio constar no projeto da \u00e1rea para a constru\u00e7\u00e3o do im\u00f3vel, al\u00e9m do previsto no Programa Nacional de Habita\u00e7\u00e3o Urbana (PNHU), como adequa\u00e7\u00e3o ambiental e infraestrutura b\u00e1sica, o compromisso do poder p\u00fablico local com a instala\u00e7\u00e3o ou a amplia\u00e7\u00e3o da infraestrutura e dos servi\u00e7os relacionados a educa\u00e7\u00e3o, sa\u00fade, lazer, transporte p\u00fablico, creche e pr\u00e9-escola.<\/p>\n<p>De acordo com M\u00e1rio Heringer, ao incluir no PNHU \u00e1reas destinadas para a constru\u00e7\u00e3o de creche e pr\u00e9-escola, os governos cumprem a meta do Plano Nacional de Educa\u00e7\u00e3o (PNE), que \u00e9 o de universalizar a educa\u00e7\u00e3o infantil.\u00a0 O Plano pretende atender, no m\u00ednimo, cinquenta por cento das crian\u00e7as de at\u00e9 tr\u00eas anos, at\u00e9 2024. Para o parlamentar isso \u201cn\u00e3o ser\u00e1 poss\u00edvel sem que determinadas a\u00e7\u00f5es do poder p\u00fablico sejam vinculadas a determinadas exig\u00eancias na \u00e1rea de educa\u00e7\u00e3o\u201d.<\/p>\n<!-- AddThis Advanced Settings generic via filter on the_content --><!-- AddThis Share Buttons generic via filter on the_content -->","protected":false},"excerpt":{"rendered":"<p>O deputado M\u00e1rio Heringer (PDT-MG) apresentou uma proposta (PL 6182\/16) que altera a lei do Programa Minha Casa, Minha Vida e a regulariza\u00e7\u00e3o fundi\u00e1ria de assentamentos localizados em \u00e1reas urbanas. O texto torna obrigat\u00f3rio constar no projeto da \u00e1rea para a constru\u00e7\u00e3o do im\u00f3vel, al\u00e9m do previsto no Programa Nacional de Habita\u00e7\u00e3o Urbana (PNHU), como&#8230;<!-- AddThis Advanced Settings generic via filter on wp_trim_excerpt --><!-- AddThis Share Buttons generic via filter on wp_trim_excerpt --><\/p>\n","protected":false},"author":17,"featured_media":0,"comment_status":"open","ping_status":"open","sticky":false,"template":"","format":"standard","meta":{"_monsterinsights_skip_tracking":false,"_monsterinsights_sitenote_active":false,"_monsterinsights_sitenote_note":"","_monsterinsights_sitenote_category":0,"_uf_show_specific_survey":0,"_uf_disable_surveys":false,"footnotes":""},"categories":[976],"tags":[1536,2190,1175,2191,38,2192],"class_list":["post-48257","post","type-post","status-publish","format-standard","hentry","category-noticias-em-destaque","tag-creche","tag-escolas","tag-mario-heringer","tag-minha-casa-minha-vida","tag-pdt","tag-programa-nacional-de-habitacao-urbana"],"acf":[],"_links":{"self":[{"href":"https:\/\/pdt-rj.org.br\/index.php\/wp-json\/wp\/v2\/posts\/48257","targetHints":{"allow":["GET"]}}],"collection":[{"href":"https:\/\/pdt-rj.org.br\/index.php\/wp-json\/wp\/v2\/posts"}],"about":[{"href":"https:\/\/pdt-rj.org.br\/index.php\/wp-json\/wp\/v2\/types\/post"}],"author":[{"embeddable":true,"href":"https:\/\/pdt-rj.org.br\/index.php\/wp-json\/wp\/v2\/users\/17"}],"replies":[{"embeddable":true,"href":"https:\/\/pdt-rj.org.br\/index.php\/wp-json\/wp\/v2\/comments?post=48257"}],"version-history":[{"count":1,"href":"https:\/\/pdt-rj.org.br\/index.php\/wp-json\/wp\/v2\/posts\/48257\/revisions"}],"predecessor-version":[{"id":53540,"href":"https:\/\/pdt-rj.org.br\/index.php\/wp-json\/wp\/v2\/posts\/48257\/revisions\/53540"}],"wp:attachment":[{"href":"https:\/\/pdt-rj.org.br\/index.php\/wp-json\/wp\/v2\/media?parent=48257"}],"wp:term":[{"taxonomy":"category","embeddable":true,"href":"https:\/\/pdt-rj.org.br\/index.php\/wp-json\/wp\/v2\/categories?post=48257"},{"taxonomy":"post_tag","embeddable":true,"href":"https:\/\/pdt-rj.org.br\/index.php\/wp-json\/wp\/v2\/tags?post=48257"}],"curies":[{"name":"wp","href":"https:\/\/api.w.org\/{rel}","templated":true}]}}