{"id":48249,"date":"2016-09-22T12:08:14","date_gmt":"2016-09-22T15:08:14","guid":{"rendered":"http:\/\/www.malungo2.com.br\/pdt\/desenv\/?p=48249"},"modified":"2017-10-26T09:07:36","modified_gmt":"2017-10-26T11:07:36","slug":"ciro-concede-entrevista-hoje-as-23h-na-globo-news","status":"publish","type":"post","link":"https:\/\/pdt-rj.org.br\/index.php\/ciro-concede-entrevista-hoje-as-23h-na-globo-news\/","title":{"rendered":"Ciro Gomes ao vivo hoje, \u00e0s 23h, no programa &#8216;Di\u00e1logos&#8217; da Globo News"},"content":{"rendered":"<p>O ex-ministro e ex-governador Ciro Gomes (PDT-CE) \u00e9 o entrevistado desta quinta-feira (22) do programa \u201cDi\u00e1logos\u201d, na Globo News, com o jornalista M\u00e1rio Sergio Conti.<\/p>\n<p>O programa come\u00e7a \u00e0s 23h.<\/p>\n<!-- AddThis Advanced Settings generic via filter on the_content --><!-- AddThis Share Buttons generic via filter on the_content -->","protected":false},"excerpt":{"rendered":"<p>O ex-ministro e ex-governador Ciro Gomes (PDT-CE) \u00e9 o entrevistado desta quinta-feira (22) do programa \u201cDi\u00e1logos\u201d, na Globo News, com o jornalista M\u00e1rio Sergio Conti. O programa come\u00e7a \u00e0s 23h.<!-- AddThis Advanced Settings generic via filter on wp_trim_excerpt --><!-- AddThis Share Buttons generic via filter on wp_trim_excerpt --><\/p>\n","protected":false},"author":17,"featured_media":0,"comment_status":"open","ping_status":"open","sticky":false,"template":"","format":"standard","meta":{"_monsterinsights_skip_tracking":false,"_monsterinsights_sitenote_active":false,"_monsterinsights_sitenote_note":"","_monsterinsights_sitenote_category":0,"_uf_show_specific_survey":0,"_uf_disable_surveys":false,"footnotes":""},"categories":[976],"tags":[],"class_list":["post-48249","post","type-post","status-publish","format-standard","hentry","category-noticias-em-destaque"],"acf":[],"_links":{"self":[{"href":"https:\/\/pdt-rj.org.br\/index.php\/wp-json\/wp\/v2\/posts\/48249","targetHints":{"allow":["GET"]}}],"collection":[{"href":"https:\/\/pdt-rj.org.br\/index.php\/wp-json\/wp\/v2\/posts"}],"about":[{"href":"https:\/\/pdt-rj.org.br\/index.php\/wp-json\/wp\/v2\/types\/post"}],"author":[{"embeddable":true,"href":"https:\/\/pdt-rj.org.br\/index.php\/wp-json\/wp\/v2\/users\/17"}],"replies":[{"embeddable":true,"href":"https:\/\/pdt-rj.org.br\/index.php\/wp-json\/wp\/v2\/comments?post=48249"}],"version-history":[{"count":1,"href":"https:\/\/pdt-rj.org.br\/index.php\/wp-json\/wp\/v2\/posts\/48249\/revisions"}],"predecessor-version":[{"id":53541,"href":"https:\/\/pdt-rj.org.br\/index.php\/wp-json\/wp\/v2\/posts\/48249\/revisions\/53541"}],"wp:attachment":[{"href":"https:\/\/pdt-rj.org.br\/index.php\/wp-json\/wp\/v2\/media?parent=48249"}],"wp:term":[{"taxonomy":"category","embeddable":true,"href":"https:\/\/pdt-rj.org.br\/index.php\/wp-json\/wp\/v2\/categories?post=48249"},{"taxonomy":"post_tag","embeddable":true,"href":"https:\/\/pdt-rj.org.br\/index.php\/wp-json\/wp\/v2\/tags?post=48249"}],"curies":[{"name":"wp","href":"https:\/\/api.w.org\/{rel}","templated":true}]}}