{"id":48129,"date":"2016-09-09T10:59:39","date_gmt":"2016-09-09T13:59:39","guid":{"rendered":"http:\/\/pdt-rj.org.br\/?p=47857"},"modified":"2017-10-26T09:07:42","modified_gmt":"2017-10-26T11:07:42","slug":"pedetistas-apresentam-emendas-a-pec-do-ajuste-fiscal","status":"publish","type":"post","link":"https:\/\/pdt-rj.org.br\/index.php\/pedetistas-apresentam-emendas-a-pec-do-ajuste-fiscal\/","title":{"rendered":"Pedetistas apresentam emendas \u00e0 PEC do ajuste fiscal"},"content":{"rendered":"<p><img loading=\"lazy\" decoding=\"async\" class=\"alignnone size-medium wp-image-47860 alignleft\" src=\"http:\/\/pdt-rj.org.br\/wp-content\/uploads\/2016\/09\/Rodolfo-Stuckert-C\u00e2mara-dos-Deputados-300x197.jpg\" alt=\"Congresso Nacional\" width=\"300\" height=\"197\" srcset=\"https:\/\/pdt-rj.org.br\/wp-content\/uploads\/2016\/09\/Rodolfo-Stuckert-C\u00e2mara-dos-Deputados-300x197.jpg 300w, https:\/\/pdt-rj.org.br\/wp-content\/uploads\/2016\/09\/Rodolfo-Stuckert-C\u00e2mara-dos-Deputados-100x66.jpg 100w, https:\/\/pdt-rj.org.br\/wp-content\/uploads\/2016\/09\/Rodolfo-Stuckert-C\u00e2mara-dos-Deputados-768x504.jpg 768w, https:\/\/pdt-rj.org.br\/wp-content\/uploads\/2016\/09\/Rodolfo-Stuckert-C\u00e2mara-dos-Deputados.jpg 1024w, https:\/\/pdt-rj.org.br\/wp-content\/uploads\/2016\/09\/Rodolfo-Stuckert-C\u00e2mara-dos-Deputados-137x90.jpg 137w\" sizes=\"auto, (max-width: 300px) 100vw, 300px\" \/>A Proposta de Emenda Constitucional <a href=\"http:\/\/www.camara.gov.br\/proposicoesWeb\/fichadetramitacao?idProposicao=2088351\">241\/16<\/a>, que trata do ajuste fiscal e institui um teto para os gastos p\u00fablicos por at\u00e9 vinte anos j\u00e1 recebeu doze emendas apresentadas na Comiss\u00e3o Especial. Dessas, quatro s\u00e3o dos deputados pedetistas Andr\u00e9 Figueiredo (CE), Weverton Rocha (MA), l\u00edder do PDT na C\u00e2mara, e F\u00e9lix Mendon\u00e7a J\u00fanior (BA).<\/p>\n<p>As emendas n\u00e3o se limitam apenas \u00e0 inclus\u00e3o das despesas com sa\u00fade e educa\u00e7\u00e3o para atender ao teto dos gastos. Elas pedem mudan\u00e7as que v\u00e3o da amplia\u00e7\u00e3o da lista dos gastos que n\u00e3o ser\u00e3o submetidos ao teto at\u00e9 a altera\u00e7\u00e3o do prazo de vig\u00eancia da medida.<\/p>\n<p>O deputado Weverton Rocha quer que o teto dos gastos s\u00f3 vigore at\u00e9 o final do governo Temer, dezembro de 2018. Segundo ele, \u201cn\u00e3o soa como vi\u00e1vel estabelecer os limites propostos para os mandatos vindouros\u201d, justificou.<\/p>\n<p>Andr\u00e9 Figueiredo apresentou duas emendas. A primeira limita os gastos com pagamento de juros em cinco por cento do Produto Interno Bruto (PIB). A segunda\u00a0estabelece limites para os\u00a0gastos com juros da d\u00edvida do setor p\u00fablico. F\u00e9lix Mendon\u00e7a, por sua vez, quer limitar o crescimento da despesa prim\u00e1ria e do resultado prim\u00e1rio, com o objetivo de controlar a evolu\u00e7\u00e3o da d\u00edvida fiscal.<\/p>\n<p>A comiss\u00e3o especial quer apreciar o relat\u00f3rio agora em setembro e votar o parecer final em outubro.<\/p>\n<!-- AddThis Advanced Settings generic via filter on the_content --><!-- AddThis Share Buttons generic via filter on the_content -->","protected":false},"excerpt":{"rendered":"<p>A Proposta de Emenda Constitucional 241\/16, que trata do ajuste fiscal e institui um teto para os gastos p\u00fablicos por at\u00e9 vinte anos j\u00e1 recebeu doze emendas apresentadas na Comiss\u00e3o Especial. Dessas, quatro s\u00e3o dos deputados pedetistas Andr\u00e9 Figueiredo (CE), Weverton Rocha (MA), l\u00edder do PDT na C\u00e2mara, e F\u00e9lix Mendon\u00e7a J\u00fanior (BA). As emendas&#8230;<!-- AddThis Advanced Settings generic via filter on wp_trim_excerpt --><!-- AddThis Share Buttons generic via filter on wp_trim_excerpt --><\/p>\n","protected":false},"author":17,"featured_media":0,"comment_status":"closed","ping_status":"open","sticky":false,"template":"","format":"standard","meta":{"_monsterinsights_skip_tracking":false,"_monsterinsights_sitenote_active":false,"_monsterinsights_sitenote_note":"","_monsterinsights_sitenote_category":0,"_uf_show_specific_survey":0,"_uf_disable_surveys":false,"footnotes":""},"categories":[976],"tags":[107,34,391,1305,1306,38,962],"class_list":["post-48129","post","type-post","status-publish","format-standard","hentry","category-noticias-em-destaque","tag-ajuste-fiscal","tag-andre-figueiredo","tag-felix-mendonca-junior","tag-gastos-publicos","tag-pagamento-de-juros","tag-pdt","tag-weverton-rocha"],"acf":[],"_links":{"self":[{"href":"https:\/\/pdt-rj.org.br\/index.php\/wp-json\/wp\/v2\/posts\/48129","targetHints":{"allow":["GET"]}}],"collection":[{"href":"https:\/\/pdt-rj.org.br\/index.php\/wp-json\/wp\/v2\/posts"}],"about":[{"href":"https:\/\/pdt-rj.org.br\/index.php\/wp-json\/wp\/v2\/types\/post"}],"author":[{"embeddable":true,"href":"https:\/\/pdt-rj.org.br\/index.php\/wp-json\/wp\/v2\/users\/17"}],"replies":[{"embeddable":true,"href":"https:\/\/pdt-rj.org.br\/index.php\/wp-json\/wp\/v2\/comments?post=48129"}],"version-history":[{"count":1,"href":"https:\/\/pdt-rj.org.br\/index.php\/wp-json\/wp\/v2\/posts\/48129\/revisions"}],"predecessor-version":[{"id":53578,"href":"https:\/\/pdt-rj.org.br\/index.php\/wp-json\/wp\/v2\/posts\/48129\/revisions\/53578"}],"wp:attachment":[{"href":"https:\/\/pdt-rj.org.br\/index.php\/wp-json\/wp\/v2\/media?parent=48129"}],"wp:term":[{"taxonomy":"category","embeddable":true,"href":"https:\/\/pdt-rj.org.br\/index.php\/wp-json\/wp\/v2\/categories?post=48129"},{"taxonomy":"post_tag","embeddable":true,"href":"https:\/\/pdt-rj.org.br\/index.php\/wp-json\/wp\/v2\/tags?post=48129"}],"curies":[{"name":"wp","href":"https:\/\/api.w.org\/{rel}","templated":true}]}}