{"id":48128,"date":"2016-09-08T13:11:26","date_gmt":"2016-09-08T16:11:26","guid":{"rendered":"http:\/\/pdt-rj.org.br\/?p=47849"},"modified":"2017-10-26T09:07:42","modified_gmt":"2017-10-26T11:07:42","slug":"manifesto-mapi-pdt","status":"publish","type":"post","link":"https:\/\/pdt-rj.org.br\/index.php\/manifesto-mapi-pdt\/","title":{"rendered":"Manifesto MAPI-PDT"},"content":{"rendered":"<p>Em raz\u00e3o dos \u00faltimos acontecimentos que abalaram a democracia brasileira, que culminaram com o afastamento da Presidenta Dilma Rousseff \u2013 legitimamente eleita, com 54 milh\u00f5es de votos \u2013, a dire\u00e7\u00e3o nacional do Movimento de Aposentados, Pensionistas e Idosos (MAPI-PDT) traz para reflex\u00e3o dos companheiros pedetistas um pronunciamento do saudoso l\u00edder Leonel Brizola, proferido em julho de 2000.<\/p>\n<p>Como de todo l\u00edder nato, suas palavras, ap\u00f3s 16 anos, continuam historicamente perfeitas; inclusive no que se refere a trai\u00e7\u00f5es de nossos representantes, que segundo sua defini\u00e7\u00e3o, ocorrem \u201ca\u00ed por um prato de lentilha\u201d:<\/p>\n<p>&nbsp;<\/p>\n<p><em>\u201cCompanheiras e companheiros, volta e meia, fixo o meu pensamento naquele epis\u00f3dio da nossa hist\u00f3ria, que foi a invas\u00e3o holandesa. Aquela invas\u00e3o e a derrota dos invasores \u00e9 uma hist\u00f3ria muito rica.<\/em><\/p>\n<p><em>Se n\u00f3s nos detivermos ali n\u00f3s vamos encontrar os nossos caminhos.<\/em><\/p>\n<p><em>Se voc\u00eas verificarem \u2013 e verificarem bem \u2013 n\u00e3o foram os ex\u00e9rcitos portugueses que vieram aqui tirar, colocar os holandeses para fora; nem uma grande armada dos nossos colonizadores; n\u00e3o foram sequer as autoridades coloniais, que aqui detinham todo o poder e as armas dispon\u00edveis.<\/em><\/p>\n<p><em>Ao contr\u00e1rio: praticamente nada fizeram para armar aqueles que n\u00e3o se conformavam que o territ\u00f3rio brasileiro fosse ocupado pelos holandeses.<\/em><\/p>\n<p><em>E quem eram esses?<\/em><\/p>\n<p><em>Era a gente desconhecida; era gente simples, pobre: ex- escravos que, atrav\u00e9s da sua rebeldia, reconquistavam a sua liberdade; eram miscigenados; eram brancos pobres, v\u00e1rias gera\u00e7\u00f5es, chefiados por condutores improvisados, mas inatos.<\/em><\/p>\n<p><em>Era a na\u00e7\u00e3o brasileira \u2013 de uma forma inorg\u00e2nica \u2013 que foi surgindo ali, botando a cabe\u00e7a de fora. Praticamente brigando com as armas mais primitivas: desde o simples porrete.<\/em><\/p>\n<p><em>Os \u00edndios, outros que participaram ativamente.<\/em><\/p>\n<p><em>Era aquela natureza humana que brotava desta terra, j\u00e1 com a voca\u00e7\u00e3o para fundar a sua p\u00e1tria, uma na\u00e7\u00e3o.<\/em><\/p>\n<p><em>Foi essa garra que derrotou os holandeses, quando j\u00e1 negociavam \u2013 as cortes europeias \u2013 o reconhecimento do dom\u00ednio portugu\u00eas, de Salvador para baixo; deixando os holandeses l\u00e1 ocupando aquele vasto territ\u00f3rio do pa\u00eds.<\/em><\/p>\n<p><em>Quer dizer: aquela gesta, aquela epopeia teve os seus her\u00f3is. Mas teve tamb\u00e9m os seus entregadores. Teve tamb\u00e9m os seus traidores.<\/em><\/p>\n<p><em>Olha, houve, especialmente, um tipo que ficou como um testemunho que, muitas vezes, precisa ocorrer no curso destas lutas que marcam a hist\u00f3ria dos povos. Ele foi o tipo que talvez precisasse existir para mostrar, tamb\u00e9m, como foi a fibra dos que libertaram o solo brasileiro do dom\u00ednio holand\u00eas.<\/em><\/p>\n<p><em>Eu acho que n\u00f3s estamos vivendo um per\u00edodo \u2013 claro que isto \u00e9 outro tempo \u2013 em que n\u00f3s temos que cultivar o princ\u00edpio de firmeza muito r\u00edgido entre n\u00f3s.<\/em><\/p>\n<p><em>Eu lamento que tenhamos companheiros pensando e agindo diferente. N\u00e3o inspirados no calor das posi\u00e7\u00f5es; mas porque est\u00e3o a\u00ed por um prato de lentilha.<\/em><\/p>\n<p><em>Eu lamento que isso ocorra. Lamento, porque isso n\u00e3o seria um procedimento para um verdadeiro trabalhista; para um verdadeiro patriota.<\/em><\/p>\n<p><em>E quem n\u00e3o v\u00ea que n\u00f3s n\u00e3o podemos, de maneira alguma, pactuar com tudo isso? Com essa entrega vergonhosa do pa\u00eds aos interesses estrangeiros. O que mais que n\u00e3o \u00e9 dos estrangeiros, neste pa\u00eds?<\/em><\/p>\n<p><em>Agora urge, companheiros!<\/em><\/p>\n<p><em>H\u00e1 poucos dias, come\u00e7ou o desmantelamento da Petrobras. Isso n\u00e3o \u00e9 nada sem import\u00e2ncia. Agora mesmo, os funcion\u00e1rios da refinaria l\u00e1 de Porto Alegre est\u00e3o em greve, porque j\u00e1 venderam 20% ou 30% da refinaria a grupos estrangeiros.<\/em><\/p>\n<p><em>\u00c9 isto que est\u00e1 acontecendo, como se fosse rotina na vida brasileira. Ningu\u00e9m mais estranha. E tudo vem ocorrendo.<\/em><\/p>\n<p><em>Podem crer que, se desaparecer a resist\u00eancia do nosso Partido, \u00e9 porque vai cessar toda a resist\u00eancia. Nestes tempos, pelo menos, que governo.<\/em><\/p>\n<p><em>N\u00f3s somos a resist\u00eancia do povo brasileiro\u201d.<\/em><\/p>\n<!-- AddThis Advanced Settings generic via filter on the_content --><!-- AddThis Share Buttons generic via filter on the_content -->","protected":false},"excerpt":{"rendered":"<p>Em raz\u00e3o dos \u00faltimos acontecimentos que abalaram a democracia brasileira, que culminaram com o afastamento da Presidenta Dilma Rousseff \u2013 legitimamente eleita, com 54 milh\u00f5es de votos \u2013, a dire\u00e7\u00e3o nacional do Movimento de Aposentados, Pensionistas e Idosos (MAPI-PDT) traz para reflex\u00e3o dos companheiros pedetistas um pronunciamento do saudoso l\u00edder Leonel Brizola, proferido em julho&#8230;<!-- AddThis Advanced Settings generic via filter on wp_trim_excerpt --><!-- AddThis Share Buttons generic via filter on wp_trim_excerpt --><\/p>\n","protected":false},"author":17,"featured_media":0,"comment_status":"closed","ping_status":"closed","sticky":false,"template":"","format":"standard","meta":{"_monsterinsights_skip_tracking":false,"_monsterinsights_sitenote_active":false,"_monsterinsights_sitenote_note":"","_monsterinsights_sitenote_category":0,"_uf_show_specific_survey":0,"_uf_disable_surveys":false,"footnotes":""},"categories":[1397,976],"tags":[592,1141,38,1304],"class_list":["post-48128","post","type-post","status-publish","format-standard","hentry","category-movimentos","category-noticias-em-destaque","tag-mapi","tag-movimento-de-aposentados","tag-pdt","tag-pensionistas-e-idosos"],"acf":[],"_links":{"self":[{"href":"https:\/\/pdt-rj.org.br\/index.php\/wp-json\/wp\/v2\/posts\/48128","targetHints":{"allow":["GET"]}}],"collection":[{"href":"https:\/\/pdt-rj.org.br\/index.php\/wp-json\/wp\/v2\/posts"}],"about":[{"href":"https:\/\/pdt-rj.org.br\/index.php\/wp-json\/wp\/v2\/types\/post"}],"author":[{"embeddable":true,"href":"https:\/\/pdt-rj.org.br\/index.php\/wp-json\/wp\/v2\/users\/17"}],"replies":[{"embeddable":true,"href":"https:\/\/pdt-rj.org.br\/index.php\/wp-json\/wp\/v2\/comments?post=48128"}],"version-history":[{"count":1,"href":"https:\/\/pdt-rj.org.br\/index.php\/wp-json\/wp\/v2\/posts\/48128\/revisions"}],"predecessor-version":[{"id":52600,"href":"https:\/\/pdt-rj.org.br\/index.php\/wp-json\/wp\/v2\/posts\/48128\/revisions\/52600"}],"wp:attachment":[{"href":"https:\/\/pdt-rj.org.br\/index.php\/wp-json\/wp\/v2\/media?parent=48128"}],"wp:term":[{"taxonomy":"category","embeddable":true,"href":"https:\/\/pdt-rj.org.br\/index.php\/wp-json\/wp\/v2\/categories?post=48128"},{"taxonomy":"post_tag","embeddable":true,"href":"https:\/\/pdt-rj.org.br\/index.php\/wp-json\/wp\/v2\/tags?post=48128"}],"curies":[{"name":"wp","href":"https:\/\/api.w.org\/{rel}","templated":true}]}}