{"id":48125,"date":"2016-09-16T18:19:42","date_gmt":"2016-09-16T21:19:42","guid":{"rendered":"http:\/\/pdt-rj.org.br\/?p=48125"},"modified":"2017-10-26T09:07:38","modified_gmt":"2017-10-26T11:07:38","slug":"agricultura-aprova-parecer-do-assis-do-couto-sobre-uso-tecnologico-nas-atividades-do-pronaf","status":"publish","type":"post","link":"https:\/\/pdt-rj.org.br\/index.php\/agricultura-aprova-parecer-do-assis-do-couto-sobre-uso-tecnologico-nas-atividades-do-pronaf\/","title":{"rendered":"Agricultura aprova parecer do Assis do Couto sobre uso tecnol\u00f3gico nas atividades do Pronaf"},"content":{"rendered":"<p><img loading=\"lazy\" decoding=\"async\" class=\"alignnone size-medium wp-image-48126 alignright\" src=\"http:\/\/pdt-rj.org.br\/wp-content\/uploads\/2016\/09\/Agricultura-aprova-parecer-do-Assis-do-Couto-sobre-uso-tecnol\u00f3gico-nas-atividades-do-Pronaf-300x199.jpg\" alt=\"Agricultura aprova parecer do Assis do Couto sobre uso tecnol\u00f3gico nas atividades do Pronaf\" width=\"300\" height=\"199\" srcset=\"https:\/\/pdt-rj.org.br\/wp-content\/uploads\/2016\/09\/Agricultura-aprova-parecer-do-Assis-do-Couto-sobre-uso-tecnol\u00f3gico-nas-atividades-do-Pronaf-300x199.jpg 300w, https:\/\/pdt-rj.org.br\/wp-content\/uploads\/2016\/09\/Agricultura-aprova-parecer-do-Assis-do-Couto-sobre-uso-tecnol\u00f3gico-nas-atividades-do-Pronaf-100x66.jpg 100w, https:\/\/pdt-rj.org.br\/wp-content\/uploads\/2016\/09\/Agricultura-aprova-parecer-do-Assis-do-Couto-sobre-uso-tecnol\u00f3gico-nas-atividades-do-Pronaf-768x510.jpg 768w, https:\/\/pdt-rj.org.br\/wp-content\/uploads\/2016\/09\/Agricultura-aprova-parecer-do-Assis-do-Couto-sobre-uso-tecnol\u00f3gico-nas-atividades-do-Pronaf.jpg 1024w, https:\/\/pdt-rj.org.br\/wp-content\/uploads\/2016\/09\/Agricultura-aprova-parecer-do-Assis-do-Couto-sobre-uso-tecnol\u00f3gico-nas-atividades-do-Pronaf-136x90.jpg 136w, https:\/\/pdt-rj.org.br\/wp-content\/uploads\/2016\/09\/Agricultura-aprova-parecer-do-Assis-do-Couto-sobre-uso-tecnol\u00f3gico-nas-atividades-do-Pronaf-600x398.jpg 600w\" sizes=\"auto, (max-width: 300px) 100vw, 300px\" \/>A Comiss\u00e3o de Agricultura da C\u00e2mara aprovou, nessa ter\u00e7a-feira (13), o parecer do deputado <strong><a href=\"https:\/\/www.facebook.com\/deputadoassisdocouto\/?fref=ts\">Assis do Couto<\/a><\/strong> (PDT-PR), ao Projeto de Lei 3764\/15, que trata do planejamento e da execu\u00e7\u00e3o de a\u00e7\u00f5es p\u00fablicas para a moderniza\u00e7\u00e3o e inova\u00e7\u00e3o tecnol\u00f3gica, e para o desenvolvimento e transfer\u00eancia tecnol\u00f3gica.<\/p>\n<p>A proposta altera a lei que estabelece as diretrizes da Pol\u00edtica Nacional da Agricultura Familiar e Empreendimentos Familiares Rurais (Lei 11.326\/2006).<\/p>\n<p>Para Assis do Couto, a evolu\u00e7\u00e3o tecnol\u00f3gica na agricultura \u00e9 uma realidade e a proposta se adequa a essa inova\u00e7\u00e3o. Contudo, al\u00e9m do previsto em lei, ele incluiu ao texto as a\u00e7\u00f5es de pesquisa, desenvolvimento, inova\u00e7\u00e3o e transfer\u00eancia de tecnologia, que devem ser fomentadas tamb\u00e9m pelo programa. \u201cPromove-se, assim, a complementa\u00e7\u00e3o do dispositivo, inicialmente j\u00e1 estabelecido com o objetivo de aprimorar a forma de realiza\u00e7\u00e3o e de desenvolvimento das atividades da agricultura familiar\u201d, justificou.<\/p>\n<p>Conclusivo nas comiss\u00f5es, o projeto vai ser analisado agora pela Comiss\u00e3o de Constitui\u00e7\u00e3o e Justi\u00e7a e de Cidadania.<\/p>\n<!-- AddThis Advanced Settings generic via filter on the_content --><!-- AddThis Share Buttons generic via filter on the_content -->","protected":false},"excerpt":{"rendered":"<p>A Comiss\u00e3o de Agricultura da C\u00e2mara aprovou, nessa ter\u00e7a-feira (13), o parecer do deputado Assis do Couto (PDT-PR), ao Projeto de Lei 3764\/15, que trata do planejamento e da execu\u00e7\u00e3o de a\u00e7\u00f5es p\u00fablicas para a moderniza\u00e7\u00e3o e inova\u00e7\u00e3o tecnol\u00f3gica, e para o desenvolvimento e transfer\u00eancia tecnol\u00f3gica. A proposta altera a lei que estabelece as diretrizes&#8230;<!-- AddThis Advanced Settings generic via filter on wp_trim_excerpt --><!-- AddThis Share Buttons generic via filter on wp_trim_excerpt --><\/p>\n","protected":false},"author":17,"featured_media":48126,"comment_status":"closed","ping_status":"closed","sticky":false,"template":"","format":"standard","meta":{"_monsterinsights_skip_tracking":false,"_monsterinsights_sitenote_active":false,"_monsterinsights_sitenote_note":"","_monsterinsights_sitenote_category":0,"_uf_show_specific_survey":0,"_uf_disable_surveys":false,"footnotes":""},"categories":[976],"tags":[137,38],"class_list":["post-48125","post","type-post","status-publish","format-standard","has-post-thumbnail","hentry","category-noticias-em-destaque","tag-assis-do-couto","tag-pdt"],"acf":[],"_links":{"self":[{"href":"https:\/\/pdt-rj.org.br\/index.php\/wp-json\/wp\/v2\/posts\/48125","targetHints":{"allow":["GET"]}}],"collection":[{"href":"https:\/\/pdt-rj.org.br\/index.php\/wp-json\/wp\/v2\/posts"}],"about":[{"href":"https:\/\/pdt-rj.org.br\/index.php\/wp-json\/wp\/v2\/types\/post"}],"author":[{"embeddable":true,"href":"https:\/\/pdt-rj.org.br\/index.php\/wp-json\/wp\/v2\/users\/17"}],"replies":[{"embeddable":true,"href":"https:\/\/pdt-rj.org.br\/index.php\/wp-json\/wp\/v2\/comments?post=48125"}],"version-history":[{"count":1,"href":"https:\/\/pdt-rj.org.br\/index.php\/wp-json\/wp\/v2\/posts\/48125\/revisions"}],"predecessor-version":[{"id":50929,"href":"https:\/\/pdt-rj.org.br\/index.php\/wp-json\/wp\/v2\/posts\/48125\/revisions\/50929"}],"wp:featuredmedia":[{"embeddable":true,"href":"https:\/\/pdt-rj.org.br\/index.php\/wp-json\/wp\/v2\/media\/48126"}],"wp:attachment":[{"href":"https:\/\/pdt-rj.org.br\/index.php\/wp-json\/wp\/v2\/media?parent=48125"}],"wp:term":[{"taxonomy":"category","embeddable":true,"href":"https:\/\/pdt-rj.org.br\/index.php\/wp-json\/wp\/v2\/categories?post=48125"},{"taxonomy":"post_tag","embeddable":true,"href":"https:\/\/pdt-rj.org.br\/index.php\/wp-json\/wp\/v2\/tags?post=48125"}],"curies":[{"name":"wp","href":"https:\/\/api.w.org\/{rel}","templated":true}]}}