{"id":48086,"date":"2016-09-15T12:22:24","date_gmt":"2016-09-15T15:22:24","guid":{"rendered":"http:\/\/pdt-rj.org.br\/?p=48086"},"modified":"2017-10-26T09:07:39","modified_gmt":"2017-10-26T11:07:39","slug":"comissao-de-trabalho-aprova-parecer-de-flavia-morais-para-regulamentacao-da-profissao-de-osteopata","status":"publish","type":"post","link":"https:\/\/pdt-rj.org.br\/index.php\/comissao-de-trabalho-aprova-parecer-de-flavia-morais-para-regulamentacao-da-profissao-de-osteopata\/","title":{"rendered":"Comiss\u00e3o de Trabalho aprova parecer de Fl\u00e1via Morais para regulamenta\u00e7\u00e3o da profiss\u00e3o de osteopata"},"content":{"rendered":"<p><img loading=\"lazy\" decoding=\"async\" class=\"alignnone size-medium wp-image-48087 alignright\" src=\"http:\/\/pdt-rj.org.br\/wp-content\/uploads\/2016\/09\/Deputada-Fl\u00e1via-Morais-300x200.jpg\" alt=\"Deputada Fl\u00e1via Morais\" width=\"300\" height=\"200\" srcset=\"https:\/\/pdt-rj.org.br\/wp-content\/uploads\/2016\/09\/Deputada-Fl\u00e1via-Morais-300x200.jpg 300w, https:\/\/pdt-rj.org.br\/wp-content\/uploads\/2016\/09\/Deputada-Fl\u00e1via-Morais-100x67.jpg 100w, https:\/\/pdt-rj.org.br\/wp-content\/uploads\/2016\/09\/Deputada-Fl\u00e1via-Morais-768x511.jpg 768w, https:\/\/pdt-rj.org.br\/wp-content\/uploads\/2016\/09\/Deputada-Fl\u00e1via-Morais.jpg 1024w, https:\/\/pdt-rj.org.br\/wp-content\/uploads\/2016\/09\/Deputada-Fl\u00e1via-Morais-135x90.jpg 135w\" sizes=\"auto, (max-width: 300px) 100vw, 300px\" \/>A Comiss\u00e3o de Trabalho, de Administra\u00e7\u00e3o e Servi\u00e7o P\u00fablico\u00a0da C\u00e2mara aprovou o parecer, da deputada <strong><a href=\"https:\/\/www.facebook.com\/DepFlaviaMorais\/?fref=ts\">Fl\u00e1via Morais<\/a><\/strong> (PDT-GO), ao projeto de Lei 2778\/2015, que reconhece a osteopatia como um ramo espec\u00edfico de cuidado \u00e0 sa\u00fade, complementar, natural e alternativo, e regulamenta a profiss\u00e3o de osteopata.<\/p>\n<p>Pelo projeto, a\u00a0designa\u00e7\u00e3o e o exerc\u00edcio da profiss\u00e3o de osteopata pelo profissional de sa\u00fade, s\u00e3o privativos de portador de diploma espec\u00edfico, expedido por escola de gradua\u00e7\u00e3o, oficial ou reconhecida, devidamente registrado no \u00f3rg\u00e3o competente do Minist\u00e9rio da Educa\u00e7\u00e3o e regularmente inscrito no conselho da classe profissional. \u00a0J\u00e1 o\u00a0curr\u00edculo da forma\u00e7\u00e3o acad\u00eamica deve estar de acordo com regras e crit\u00e9rios definidos pela Organiza\u00e7\u00e3o Mundial de Sa\u00fade ou \u00f3rg\u00e3o da Organiza\u00e7\u00e3o das Na\u00e7\u00f5es Unidas (ONU) que\u00a0venha a substitu\u00ed-la.<\/p>\n<p>Para Fl\u00e1via Morais, a proposta foi bem elaborada e preenche uma lacuna importante na regulamenta\u00e7\u00e3o da profiss\u00e3o de osteopata.<\/p>\n<p>\u201cA pr\u00f3pria OMS sugere que se criem crit\u00e9rios m\u00ednimos necess\u00e1rios para a forma\u00e7\u00e3o desses profissionais, afirmando que cabe \u00e0s autoridades nacionais estabelecer um sistema de treinamento, avalia\u00e7\u00e3o e de apoio para a pr\u00e1tica da osteopatia qualificada, como justifica a autora do projeto.\u00a0Nesse sentido, parece-nos extremamente louv\u00e1vel essa inciativa que consagra na lei essa profiss\u00e3o que, na pr\u00e1tica, j\u00e1 \u00e9 t\u00e3o aceita pela sociedade\u201d.<\/p>\n<p>O projeto segue agora para a an\u00e1lise das comiss\u00f5es de Seguridade Social e Fam\u00edlia, e de Constitui\u00e7\u00e3o e Justi\u00e7a e de Cidadania.<\/p>\n<!-- AddThis Advanced Settings generic via filter on the_content --><!-- AddThis Share Buttons generic via filter on the_content -->","protected":false},"excerpt":{"rendered":"<p>A Comiss\u00e3o de Trabalho, de Administra\u00e7\u00e3o e Servi\u00e7o P\u00fablico\u00a0da C\u00e2mara aprovou o parecer, da deputada Fl\u00e1via Morais (PDT-GO), ao projeto de Lei 2778\/2015, que reconhece a osteopatia como um ramo espec\u00edfico de cuidado \u00e0 sa\u00fade, complementar, natural e alternativo, e regulamenta a profiss\u00e3o de osteopata. Pelo projeto, a\u00a0designa\u00e7\u00e3o e o exerc\u00edcio da profiss\u00e3o de osteopata&#8230;<!-- AddThis Advanced Settings generic via filter on wp_trim_excerpt --><!-- AddThis Share Buttons generic via filter on wp_trim_excerpt --><\/p>\n","protected":false},"author":17,"featured_media":0,"comment_status":"closed","ping_status":"open","sticky":false,"template":"","format":"standard","meta":{"_monsterinsights_skip_tracking":false,"_monsterinsights_sitenote_active":false,"_monsterinsights_sitenote_note":"","_monsterinsights_sitenote_category":0,"_uf_show_specific_survey":0,"_uf_disable_surveys":false,"footnotes":""},"categories":[1459,976],"tags":[406,67,1365,58,38],"class_list":["post-48086","post","type-post","status-publish","format-standard","hentry","category-congresso","category-noticias-em-destaque","tag-flavia-morais","tag-onu","tag-organizacao-das-nacoes-unidas","tag-organizacao-mundial-de-saude","tag-pdt"],"acf":[],"_links":{"self":[{"href":"https:\/\/pdt-rj.org.br\/index.php\/wp-json\/wp\/v2\/posts\/48086","targetHints":{"allow":["GET"]}}],"collection":[{"href":"https:\/\/pdt-rj.org.br\/index.php\/wp-json\/wp\/v2\/posts"}],"about":[{"href":"https:\/\/pdt-rj.org.br\/index.php\/wp-json\/wp\/v2\/types\/post"}],"author":[{"embeddable":true,"href":"https:\/\/pdt-rj.org.br\/index.php\/wp-json\/wp\/v2\/users\/17"}],"replies":[{"embeddable":true,"href":"https:\/\/pdt-rj.org.br\/index.php\/wp-json\/wp\/v2\/comments?post=48086"}],"version-history":[{"count":1,"href":"https:\/\/pdt-rj.org.br\/index.php\/wp-json\/wp\/v2\/posts\/48086\/revisions"}],"predecessor-version":[{"id":53553,"href":"https:\/\/pdt-rj.org.br\/index.php\/wp-json\/wp\/v2\/posts\/48086\/revisions\/53553"}],"wp:attachment":[{"href":"https:\/\/pdt-rj.org.br\/index.php\/wp-json\/wp\/v2\/media?parent=48086"}],"wp:term":[{"taxonomy":"category","embeddable":true,"href":"https:\/\/pdt-rj.org.br\/index.php\/wp-json\/wp\/v2\/categories?post=48086"},{"taxonomy":"post_tag","embeddable":true,"href":"https:\/\/pdt-rj.org.br\/index.php\/wp-json\/wp\/v2\/tags?post=48086"}],"curies":[{"name":"wp","href":"https:\/\/api.w.org\/{rel}","templated":true}]}}