{"id":48082,"date":"2016-09-15T11:59:47","date_gmt":"2016-09-15T14:59:47","guid":{"rendered":"http:\/\/pdt-rj.org.br\/?p=48082"},"modified":"2016-11-01T10:47:49","modified_gmt":"2016-11-01T12:47:49","slug":"lupi-vai-a-belem-lutar-pela-mudanca","status":"publish","type":"post","link":"https:\/\/pdt-rj.org.br\/index.php\/lupi-vai-a-belem-lutar-pela-mudanca\/","title":{"rendered":"Lupi vai a Bel\u00e9m lutar pela mudan\u00e7a"},"content":{"rendered":"<p><img loading=\"lazy\" decoding=\"async\" class=\"alignnone size-medium wp-image-48083 alignleft\" src=\"http:\/\/pdt-rj.org.br\/wp-content\/uploads\/2016\/09\/Carlos-Lupi-vai-a-Bel\u00e9m-lutar-pela-mudan\u00e7a-300x169.jpeg\" alt=\"Carlos Lupi vai a Bel\u00e9m lutar pela mudan\u00e7a\" width=\"300\" height=\"169\" srcset=\"https:\/\/pdt-rj.org.br\/wp-content\/uploads\/2016\/09\/Carlos-Lupi-vai-a-Bel\u00e9m-lutar-pela-mudan\u00e7a-300x169.jpeg 300w, https:\/\/pdt-rj.org.br\/wp-content\/uploads\/2016\/09\/Carlos-Lupi-vai-a-Bel\u00e9m-lutar-pela-mudan\u00e7a-100x56.jpeg 100w, https:\/\/pdt-rj.org.br\/wp-content\/uploads\/2016\/09\/Carlos-Lupi-vai-a-Bel\u00e9m-lutar-pela-mudan\u00e7a-768x432.jpeg 768w, https:\/\/pdt-rj.org.br\/wp-content\/uploads\/2016\/09\/Carlos-Lupi-vai-a-Bel\u00e9m-lutar-pela-mudan\u00e7a.jpeg 1024w, https:\/\/pdt-rj.org.br\/wp-content\/uploads\/2016\/09\/Carlos-Lupi-vai-a-Bel\u00e9m-lutar-pela-mudan\u00e7a-160x90.jpeg 160w, https:\/\/pdt-rj.org.br\/wp-content\/uploads\/2016\/09\/Carlos-Lupi-vai-a-Bel\u00e9m-lutar-pela-mudan\u00e7a-600x338.jpeg 600w\" sizes=\"auto, (max-width: 300px) 100vw, 300px\" \/>Esgoto a c\u00e9u aberto, ruas e pr\u00e9dios hist\u00f3ricos deteriorados. Este \u00e9 atual cen\u00e1rio de Bel\u00e9m do Par\u00e1, onde o presidente nacional do PDT, Carlos Lupi esteve nos \u00faltimos dois dias (14 e 15) lutando a favor da mudan\u00e7a, apoiando a candidatura de Edmilson Rodrigues (PSol) e de seu vice, o companheiro pedetista Allan Pombo.<\/p>\n<p>Na quarta-feira pela manh\u00e3, o l\u00edder do PDT caminhou ao lado dos candidatos pelas ruas do bairro de \u00c1guas Lindas. As mazelas sociais assustaram Lupi: \u201cAqui s\u00f3 vejo \u00e1guas sujas e o povo se virando como pode\u201d, comentou a respeito dos esgotos \u00e0 beira das cal\u00e7adas e dos com\u00e9rcios e estruturas improvisadas ao longo do caminho.<\/p>\n<p>\u201cBel\u00e9m tem que ser devolvida ao seu povo. A cidade est\u00e1 abandonada, as pessoas est\u00e3o sem emprego e vivendo em condi\u00e7\u00f5es prec\u00e1rias. Edmilson tem experi\u00eancia, j\u00e1 foi prefeito, \u00e9 um homem culto e sens\u00edvel \u00e0s dificuldades de Bel\u00e9m. Com a ajuda de Allan, jovem promissor nas lutas sociais, tenho certeza que Bel\u00e9m voltar\u00e1 a dar dignidade \u00e0 sua popula\u00e7\u00e3o\u201d, avaliou Carlos Lupi.<\/p>\n<p>Com candidatos pedetistas a prefeito e vereador no Estado, Lupi gravou v\u00eddeos para as campanhas durante a tarde. A agenda seguiu, \u00e0 noite, na Plen\u00e1ria Geral. O evento reuniu partid\u00e1rios da coliga\u00e7\u00e3o, que discursaram acerca da necessidade de retomar Bel\u00e9m a favor do povo, priorizando uma pol\u00edtica social.<\/p>\n<p>Lupi participou de mais uma caminhada, nesta manh\u00e3. Dessa vez, percorreu a Feira do Ver-o-peso testemunhando o descuido com o Centro Hist\u00f3rico da capital. A realidade de Bel\u00e9m e a receptividade do eleitor nas ruas apontam para a vit\u00f3ria da coliga\u00e7\u00e3o esquerdista.<\/p>\n<p>A equipe que percorreu a capital paraense contou, tamb\u00e9m, com a presen\u00e7a do presidente do PDT do Par\u00e1, deputado estadual Miro Sanova, e do secret\u00e1rio-geral do partido no estado, Raimundo Pinheiro.<\/p>\n<!-- AddThis Advanced Settings generic via filter on the_content --><!-- AddThis Share Buttons generic via filter on the_content -->","protected":false},"excerpt":{"rendered":"<p>Esgoto a c\u00e9u aberto, ruas e pr\u00e9dios hist\u00f3ricos deteriorados. Este \u00e9 atual cen\u00e1rio de Bel\u00e9m do Par\u00e1, onde o presidente nacional do PDT, Carlos Lupi esteve nos \u00faltimos dois dias (14 e 15) lutando a favor da mudan\u00e7a, apoiando a candidatura de Edmilson Rodrigues (PSol) e de seu vice, o companheiro pedetista Allan Pombo. Na&#8230;<!-- AddThis Advanced Settings generic via filter on wp_trim_excerpt --><!-- AddThis Share Buttons generic via filter on wp_trim_excerpt --><\/p>\n","protected":false},"author":17,"featured_media":48083,"comment_status":"closed","ping_status":"open","sticky":false,"template":"","format":"standard","meta":{"_monsterinsights_skip_tracking":false,"_monsterinsights_sitenote_active":false,"_monsterinsights_sitenote_note":"","_monsterinsights_sitenote_category":0,"_uf_show_specific_survey":0,"_uf_disable_surveys":false,"footnotes":""},"categories":[975],"tags":[1360,1361,196,1362,1363,1364,38],"class_list":["post-48082","post","type-post","status-publish","format-standard","has-post-thumbnail","hentry","category-manchete","tag-allan-pombo","tag-belem-do-para","tag-carlos-lupi","tag-edmilson-rodrigues","tag-miro-sanova","tag-mudanca","tag-pdt"],"acf":[],"_links":{"self":[{"href":"https:\/\/pdt-rj.org.br\/index.php\/wp-json\/wp\/v2\/posts\/48082","targetHints":{"allow":["GET"]}}],"collection":[{"href":"https:\/\/pdt-rj.org.br\/index.php\/wp-json\/wp\/v2\/posts"}],"about":[{"href":"https:\/\/pdt-rj.org.br\/index.php\/wp-json\/wp\/v2\/types\/post"}],"author":[{"embeddable":true,"href":"https:\/\/pdt-rj.org.br\/index.php\/wp-json\/wp\/v2\/users\/17"}],"replies":[{"embeddable":true,"href":"https:\/\/pdt-rj.org.br\/index.php\/wp-json\/wp\/v2\/comments?post=48082"}],"version-history":[{"count":0,"href":"https:\/\/pdt-rj.org.br\/index.php\/wp-json\/wp\/v2\/posts\/48082\/revisions"}],"wp:featuredmedia":[{"embeddable":true,"href":"https:\/\/pdt-rj.org.br\/index.php\/wp-json\/wp\/v2\/media\/48083"}],"wp:attachment":[{"href":"https:\/\/pdt-rj.org.br\/index.php\/wp-json\/wp\/v2\/media?parent=48082"}],"wp:term":[{"taxonomy":"category","embeddable":true,"href":"https:\/\/pdt-rj.org.br\/index.php\/wp-json\/wp\/v2\/categories?post=48082"},{"taxonomy":"post_tag","embeddable":true,"href":"https:\/\/pdt-rj.org.br\/index.php\/wp-json\/wp\/v2\/tags?post=48082"}],"curies":[{"name":"wp","href":"https:\/\/api.w.org\/{rel}","templated":true}]}}