{"id":48047,"date":"2016-09-14T16:46:54","date_gmt":"2016-09-14T19:46:54","guid":{"rendered":"http:\/\/pdt-rj.org.br\/?p=48047"},"modified":"2017-10-26T09:07:39","modified_gmt":"2017-10-26T11:07:39","slug":"jorge-lapas-lanca-plano-de-governo-com-mais-de-500-propostas-elaboradas-pela-sociedade","status":"publish","type":"post","link":"https:\/\/pdt-rj.org.br\/index.php\/jorge-lapas-lanca-plano-de-governo-com-mais-de-500-propostas-elaboradas-pela-sociedade\/","title":{"rendered":"Jorge Lapas lan\u00e7a Plano de Governo com mais de 500 propostas elaboradas pela sociedade"},"content":{"rendered":"<p>Ap\u00f3s ampla discuss\u00e3o junto \u00e0 sociedade, a Coliga\u00e7\u00e3o \u201cSomos Todos Osasco\u201d, lan\u00e7ou o Plano de Governo 2017\/2018 do prefeito <strong><a href=\"https:\/\/www.facebook.com\/\">Jorge Lapas<\/a><\/strong> (PDT-SP), candidato \u00e0 reelei\u00e7\u00e3o, e de seu vice Luciano Camandoni. Foram milhares de propostas apresentadas nos 19 encontros \u201cCaminhos do Futuro\u201d, realizados em todas as regi\u00f5es da cidade, al\u00e9m dos encontros setoriais para discutir temas espec\u00edficos.<\/p>\n<p>O resultado foi apresentado na noite dessa ter\u00e7a-feira (13), no comit\u00ea de Infraestrutura, em Presidente Altino. As principais propostas foram agrupadas nas \u00e1reas da Sa\u00fade, Educa\u00e7\u00e3o, Desenvolvimento Urbano e Sustent\u00e1vel, Mobilidade Urbana, Seguran\u00e7a P\u00fablica, Desenvolvimento Econ\u00f4mico e Gera\u00e7\u00e3o de Trabalho e Renda, Cultura, Esporte e Lazer, Inclus\u00e3o Social, Direitos Humanos e Diversidade e Moderniza\u00e7\u00e3o da Gest\u00e3o, Transpar\u00eancia e Participa\u00e7\u00e3o.<\/p>\n<p>De acordo com o presidente do PDT de Osasco, Milton Cavalo, os avan\u00e7os conquistados durante a gest\u00e3o Lapas foram decisivos para consolidar o desenvolvimento da cidade que, hoje, \u00e9 a segunda maior economia do estado de S\u00e3o Paulo. O munic\u00edpio alcan\u00e7ou o 9\u00ba lugar entre as cidades que mais produzem bens e servi\u00e7os em todo o pa\u00eds e a 4\u00ba posi\u00e7\u00e3o no ranking das melhores cidades do Brasil para se morar.<\/p>\n<p>Os investimentos na \u00e1rea da educa\u00e7\u00e3o, por exemplo, permitiram a cria\u00e7\u00e3o de mais de cinco mil vagas em creches e renderem proje\u00e7\u00e3o nacional. Osasco conquistou o menor \u00edndice de mortalidade infantil nos \u00faltimos anos e, ao mesmo tempo, aumentou o \u00cdndice de Desenvolvimento da Educa\u00e7\u00e3o B\u00e1sica (Ideb), que subiu de 5.2 para 5.9, ultrapassando a meta que era de 5.8, o que n\u00e3o ocorria desde 2007.<\/p>\n<p>Em seu discurso Osasco, Milton Cavalo, destacou a import\u00e2ncia de ter constru\u00eddo o plano de governo junto com diversos segmentos da sociedade, de maneira ampla e democr\u00e1tica.<\/p>\n<!-- AddThis Advanced Settings generic via filter on the_content --><!-- AddThis Share Buttons generic via filter on the_content -->","protected":false},"excerpt":{"rendered":"<p>Ap\u00f3s ampla discuss\u00e3o junto \u00e0 sociedade, a Coliga\u00e7\u00e3o \u201cSomos Todos Osasco\u201d, lan\u00e7ou o Plano de Governo 2017\/2018 do prefeito Jorge Lapas (PDT-SP), candidato \u00e0 reelei\u00e7\u00e3o, e de seu vice Luciano Camandoni. Foram milhares de propostas apresentadas nos 19 encontros \u201cCaminhos do Futuro\u201d, realizados em todas as regi\u00f5es da cidade, al\u00e9m dos encontros setoriais para discutir&#8230;<!-- AddThis Advanced Settings generic via filter on wp_trim_excerpt --><!-- AddThis Share Buttons generic via filter on wp_trim_excerpt --><\/p>\n","protected":false},"author":17,"featured_media":48048,"comment_status":"closed","ping_status":"closed","sticky":false,"template":"","format":"standard","meta":{"_monsterinsights_skip_tracking":false,"_monsterinsights_sitenote_active":false,"_monsterinsights_sitenote_note":"","_monsterinsights_sitenote_category":0,"_uf_show_specific_survey":0,"_uf_disable_surveys":false,"footnotes":""},"categories":[976],"tags":[1349,1343,1348,519,1092,38,727],"class_list":["post-48047","post","type-post","status-publish","format-standard","has-post-thumbnail","hentry","category-noticias-em-destaque","tag-somos-todos-osasco","tag-ideb","tag-indice-de-desenvolvimento-da-educacao-basica","tag-jorge-lapas","tag-milton-cavalo","tag-pdt","tag-plano-de-governo"],"acf":[],"_links":{"self":[{"href":"https:\/\/pdt-rj.org.br\/index.php\/wp-json\/wp\/v2\/posts\/48047","targetHints":{"allow":["GET"]}}],"collection":[{"href":"https:\/\/pdt-rj.org.br\/index.php\/wp-json\/wp\/v2\/posts"}],"about":[{"href":"https:\/\/pdt-rj.org.br\/index.php\/wp-json\/wp\/v2\/types\/post"}],"author":[{"embeddable":true,"href":"https:\/\/pdt-rj.org.br\/index.php\/wp-json\/wp\/v2\/users\/17"}],"replies":[{"embeddable":true,"href":"https:\/\/pdt-rj.org.br\/index.php\/wp-json\/wp\/v2\/comments?post=48047"}],"version-history":[{"count":4,"href":"https:\/\/pdt-rj.org.br\/index.php\/wp-json\/wp\/v2\/posts\/48047\/revisions"}],"predecessor-version":[{"id":51646,"href":"https:\/\/pdt-rj.org.br\/index.php\/wp-json\/wp\/v2\/posts\/48047\/revisions\/51646"}],"wp:featuredmedia":[{"embeddable":true,"href":"https:\/\/pdt-rj.org.br\/index.php\/wp-json\/wp\/v2\/media\/48048"}],"wp:attachment":[{"href":"https:\/\/pdt-rj.org.br\/index.php\/wp-json\/wp\/v2\/media?parent=48047"}],"wp:term":[{"taxonomy":"category","embeddable":true,"href":"https:\/\/pdt-rj.org.br\/index.php\/wp-json\/wp\/v2\/categories?post=48047"},{"taxonomy":"post_tag","embeddable":true,"href":"https:\/\/pdt-rj.org.br\/index.php\/wp-json\/wp\/v2\/tags?post=48047"}],"curies":[{"name":"wp","href":"https:\/\/api.w.org\/{rel}","templated":true}]}}