{"id":47997,"date":"2016-09-13T18:09:11","date_gmt":"2016-09-13T21:09:11","guid":{"rendered":"http:\/\/pdt-rj.org.br\/?p=47997"},"modified":"2017-10-26T09:07:40","modified_gmt":"2017-10-26T11:07:40","slug":"subtenente-gonzaga-repudia-acao-do-estado-contra-policiais-militares-de-goias","status":"publish","type":"post","link":"https:\/\/pdt-rj.org.br\/index.php\/subtenente-gonzaga-repudia-acao-do-estado-contra-policiais-militares-de-goias\/","title":{"rendered":"Subtenente Gonzaga repudia a\u00e7\u00e3o do Estado contra policiais militares de Goi\u00e1s"},"content":{"rendered":"<p><img loading=\"lazy\" decoding=\"async\" class=\"alignnone size-medium wp-image-47998 alignleft\" src=\"http:\/\/pdt-rj.org.br\/wp-content\/uploads\/2016\/09\/Subtenente-Gonzaga-repudia-a\u00e7\u00e3o-do-Estado-contra-policiais-militares-de-Goi\u00e1s-300x169.jpg\" alt=\"Subtenente Gonzaga repudia a\u00e7\u00e3o do Estado contra policiais militares de Goi\u00e1s\" width=\"300\" height=\"169\" srcset=\"https:\/\/pdt-rj.org.br\/wp-content\/uploads\/2016\/09\/Subtenente-Gonzaga-repudia-a\u00e7\u00e3o-do-Estado-contra-policiais-militares-de-Goi\u00e1s-300x169.jpg 300w, https:\/\/pdt-rj.org.br\/wp-content\/uploads\/2016\/09\/Subtenente-Gonzaga-repudia-a\u00e7\u00e3o-do-Estado-contra-policiais-militares-de-Goi\u00e1s-100x56.jpg 100w, https:\/\/pdt-rj.org.br\/wp-content\/uploads\/2016\/09\/Subtenente-Gonzaga-repudia-a\u00e7\u00e3o-do-Estado-contra-policiais-militares-de-Goi\u00e1s-768x432.jpg 768w, https:\/\/pdt-rj.org.br\/wp-content\/uploads\/2016\/09\/Subtenente-Gonzaga-repudia-a\u00e7\u00e3o-do-Estado-contra-policiais-militares-de-Goi\u00e1s-160x90.jpg 160w, https:\/\/pdt-rj.org.br\/wp-content\/uploads\/2016\/09\/Subtenente-Gonzaga-repudia-a\u00e7\u00e3o-do-Estado-contra-policiais-militares-de-Goi\u00e1s.jpg 960w\" sizes=\"auto, (max-width: 300px) 100vw, 300px\" \/>O deputado federal <strong><a href=\"https:\/\/www.facebook.com\/subtenentegonzaga\/?fref=ts\">Subtenente Gonzaga<\/a><\/strong> (PDT-MG), titular da Comiss\u00e3o de Seguran\u00e7a P\u00fablica e Combate ao Crime Organizado, criticou a a\u00e7\u00e3o do Estado na audi\u00eancia sobre a opera\u00e7\u00e3o da Pol\u00edcia Federal, Minist\u00e9rio P\u00fablico e Poder Judici\u00e1rio Federal denominada \u201cSexto Mandamento\u201d, desencadeada em\u00a0Goi\u00e1s.<\/p>\n<p>A referida a\u00e7\u00e3o culminou na pris\u00e3o de v\u00e1rios policiais militares, inclusive, do alto comando, mantendo em c\u00e1rcere muitos deles, por mais de nove meses, sendo que, ao final, todos foram absolvidos.<\/p>\n<p>Na ocasi\u00e3o, Subtenente Gonzaga citou sua luta por mais de duas d\u00e9cadas contra o abuso do Estado para com seus servidores da seguran\u00e7a p\u00fablica. Ele enalteceu a conduta dos policiais que, na audi\u00eancia de hoje, mesmo se colocando sob o julgo popular, buscaram a repara\u00e7\u00e3o da a\u00e7\u00e3o do poder p\u00fablico, em conden\u00e1-los previamente sem o devido processo legal, deixando que a m\u00eddia realizasse uma devassa na vida pessoal dos servidores.<\/p>\n<p>\u201cA irresponsabilidade do Estado com a atua\u00e7\u00e3o sum\u00e1ria \u00e9 conden\u00e1vel&#8230; A Pol\u00edcia Federal detinha consigo formas de sustentar a inoc\u00eancia dos policiais, como escutas telef\u00f4nicas e outros meios, mas, de forma sum\u00e1ria, requereu a pris\u00e3o dos policiais\u201d, afirmou o deputado.<\/p>\n<p>O Deputado Subtenente Gonzaga defendeu, inclusive propondo em requerimento, que os envolvidos se dirigissem \u00e0 Comiss\u00e3o para explicar a conduta que tiveram em rela\u00e7\u00e3o aos policiais militares de Goi\u00e1s, pois contrariaram preceitos que est\u00e3o elencados nos artigos do c\u00f3digo de processo penal que trata sobre a pris\u00e3o cautelar.<\/p>\n<!-- AddThis Advanced Settings generic via filter on the_content --><!-- AddThis Share Buttons generic via filter on the_content -->","protected":false},"excerpt":{"rendered":"<p>O deputado federal Subtenente Gonzaga (PDT-MG), titular da Comiss\u00e3o de Seguran\u00e7a P\u00fablica e Combate ao Crime Organizado, criticou a a\u00e7\u00e3o do Estado na audi\u00eancia sobre a opera\u00e7\u00e3o da Pol\u00edcia Federal, Minist\u00e9rio P\u00fablico e Poder Judici\u00e1rio Federal denominada \u201cSexto Mandamento\u201d, desencadeada em\u00a0Goi\u00e1s. A referida a\u00e7\u00e3o culminou na pris\u00e3o de v\u00e1rios policiais militares, inclusive, do alto comando,&#8230;<!-- AddThis Advanced Settings generic via filter on wp_trim_excerpt --><!-- AddThis Share Buttons generic via filter on wp_trim_excerpt --><\/p>\n","protected":false},"author":17,"featured_media":0,"comment_status":"closed","ping_status":"open","sticky":false,"template":"","format":"standard","meta":{"_monsterinsights_skip_tracking":false,"_monsterinsights_sitenote_active":false,"_monsterinsights_sitenote_note":"","_monsterinsights_sitenote_category":0,"_uf_show_specific_survey":0,"_uf_disable_surveys":false,"footnotes":""},"categories":[976],"tags":[1326,1327,38,1328,739,895],"class_list":["post-47997","post","type-post","status-publish","format-standard","hentry","category-noticias-em-destaque","tag-sexto-mandamento","tag-ministerio-publico","tag-pdt","tag-poder-judiciario-federal","tag-policia-federal","tag-subtenente-gonzaga"],"acf":[],"_links":{"self":[{"href":"https:\/\/pdt-rj.org.br\/index.php\/wp-json\/wp\/v2\/posts\/47997","targetHints":{"allow":["GET"]}}],"collection":[{"href":"https:\/\/pdt-rj.org.br\/index.php\/wp-json\/wp\/v2\/posts"}],"about":[{"href":"https:\/\/pdt-rj.org.br\/index.php\/wp-json\/wp\/v2\/types\/post"}],"author":[{"embeddable":true,"href":"https:\/\/pdt-rj.org.br\/index.php\/wp-json\/wp\/v2\/users\/17"}],"replies":[{"embeddable":true,"href":"https:\/\/pdt-rj.org.br\/index.php\/wp-json\/wp\/v2\/comments?post=47997"}],"version-history":[{"count":1,"href":"https:\/\/pdt-rj.org.br\/index.php\/wp-json\/wp\/v2\/posts\/47997\/revisions"}],"predecessor-version":[{"id":53565,"href":"https:\/\/pdt-rj.org.br\/index.php\/wp-json\/wp\/v2\/posts\/47997\/revisions\/53565"}],"wp:attachment":[{"href":"https:\/\/pdt-rj.org.br\/index.php\/wp-json\/wp\/v2\/media?parent=47997"}],"wp:term":[{"taxonomy":"category","embeddable":true,"href":"https:\/\/pdt-rj.org.br\/index.php\/wp-json\/wp\/v2\/categories?post=47997"},{"taxonomy":"post_tag","embeddable":true,"href":"https:\/\/pdt-rj.org.br\/index.php\/wp-json\/wp\/v2\/tags?post=47997"}],"curies":[{"name":"wp","href":"https:\/\/api.w.org\/{rel}","templated":true}]}}