{"id":47915,"date":"2016-09-09T20:03:58","date_gmt":"2016-09-09T23:03:58","guid":{"rendered":"http:\/\/pdt-rj.org.br\/?p=47915"},"modified":"2017-10-26T09:07:41","modified_gmt":"2017-10-26T11:07:41","slug":"capacidade-integradora-fortalece-claudio-pinho-em-sao-goncalo-do-amarante-confirma-andre-figueiredo","status":"publish","type":"post","link":"https:\/\/pdt-rj.org.br\/index.php\/capacidade-integradora-fortalece-claudio-pinho-em-sao-goncalo-do-amarante-confirma-andre-figueiredo\/","title":{"rendered":"&#8220;Capacidade integradora fortalece Claudio Pinho em S\u00e3o Gon\u00e7alo do Amarante&#8221;, confirma Andr\u00e9 Figueiredo"},"content":{"rendered":"<div id=\"yui_3_16_0_ym19_1_1473428822572_231238\"><img loading=\"lazy\" decoding=\"async\" class=\"alignnone size-medium wp-image-47916 alignleft\" src=\"http:\/\/pdt-rj.org.br\/wp-content\/uploads\/2016\/09\/IMG_6329-300x225.jpg\" alt=\"IMG_6329\" width=\"300\" height=\"225\" srcset=\"https:\/\/pdt-rj.org.br\/wp-content\/uploads\/2016\/09\/IMG_6329-300x225.jpg 300w, https:\/\/pdt-rj.org.br\/wp-content\/uploads\/2016\/09\/IMG_6329-100x75.jpg 100w, https:\/\/pdt-rj.org.br\/wp-content\/uploads\/2016\/09\/IMG_6329-768x576.jpg 768w, https:\/\/pdt-rj.org.br\/wp-content\/uploads\/2016\/09\/IMG_6329.jpg 1024w, https:\/\/pdt-rj.org.br\/wp-content\/uploads\/2016\/09\/IMG_6329-120x90.jpg 120w\" sizes=\"auto, (max-width: 300px) 100vw, 300px\" \/>Na elei\u00e7\u00e3o deste ano, em S\u00e3o Gon\u00e7alo do Amarante, o prefeito <strong><a href=\"https:\/\/www.facebook.com\/claudio.c.pinho\/?fref=ts\">Cl\u00e1udio Pinho<\/a><\/strong> (PDT) mostrou sua capacidade integradora ao consolidar uma coliga\u00e7\u00e3o composta por 20 partidos para a reelei\u00e7\u00e3o. O cen\u00e1rio foi comprovado durante amplo com\u00edcio que contou com a participa\u00e7\u00e3o do deputado federal e presidente estadual do PDT no Cear\u00e1, <a href=\"https:\/\/www.facebook.com\/DeputadoAndreFigueiredo\/?fref=ts\"><strong>Andr\u00e9 Figueiredo<\/strong><\/a>, de candidatos a vereador e de lideran\u00e7as regionais.<\/div>\n<div id=\"yui_3_16_0_ym19_1_1473428822572_231239\">\u00a0<\/div>\n<div id=\"yui_3_16_0_ym19_1_1473428822572_231240\">Acompanhado do seu vice, Arnaldo Forte (PSDB), Cl\u00e1udio Pinho listou as realiza\u00e7\u00f5es e mostrou seu compromisso com o desenvolvimento. &#8220;N\u00e3o existe progresso sem educa\u00e7\u00e3o de qualidade. Por isso, melhoramos os \u00edndices a partir de investimentos consistentes. Assim, vamos seguir construir uma cidade cada vez melhor ao lado dos cidad\u00e3os, pois minha administra\u00e7\u00e3o \u00e9 participava. Vale a pena cada esfor\u00e7o para seguir fazendo muito mais&#8221;, comentou.<\/div>\n<div id=\"yui_3_16_0_ym19_1_1473428822572_231263\">\u00a0<\/div>\n<div id=\"yui_3_16_0_ym19_1_1473428822572_231262\">Andr\u00e9 Figueiredo, que \u00e9 ex-ministro das Comunica\u00e7\u00f5es, destacou o reconhecimento de um grande trabalho nos \u00faltimos quatro anos. &#8220;O Claudio Pinho consegue ser t\u00e3o querido pela popula\u00e7\u00e3o pois \u00e9 diferenciado. Isso \u00e9 resultado de muito trabalho&#8221;, disse.\u00a0<\/div>\n<div id=\"yui_3_16_0_ym19_1_1473428822572_231269\">\u00a0<\/div>\n<div id=\"yui_3_16_0_ym19_1_1473428822572_231261\">&#8220;Agora, com a Prefeitura ajustada e o forte apoio dos vereadores, far\u00e1 muito mais. Ele prepara a cidade para o futuro, como pode ser visto na implanta\u00e7\u00e3o da internet para os cidad\u00e3os&#8221;, acrescentou.<\/div>\n<div id=\"yui_3_16_0_ym19_1_1473428822572_231270\">\u00a0<\/div>\n<div>Para o secret\u00e1rio estadual do Trabalho e Desenvolvimento Social (STDS), Josbertini Clementino, o povo consagra a administra\u00e7\u00e3o do Claudio Pinho a partir da elevada aprova\u00e7\u00e3o. &#8220;Esse prefeito se destaca, ao lado de sua equipe competente, por realizar tantas a\u00e7\u00f5es na \u00e1rea de sa\u00fade, educa\u00e7\u00e3o e infraestrutura. O cidad\u00e3o quer mais melhorias e, por isso, confia, aprova e deseja o 12. Vamos juntos&#8221;, destacou.\u00a0<\/div>\n<div id=\"yui_3_16_0_ym19_1_1473428822572_231258\">\u00a0<\/div>\n<div><b><img loading=\"lazy\" decoding=\"async\" class=\"alignnone size-medium wp-image-47917 alignleft\" src=\"http:\/\/pdt-rj.org.br\/wp-content\/uploads\/2016\/09\/IMG_6276-300x225.jpg\" alt=\"IMG_6276\" width=\"300\" height=\"225\" srcset=\"https:\/\/pdt-rj.org.br\/wp-content\/uploads\/2016\/09\/IMG_6276-300x225.jpg 300w, https:\/\/pdt-rj.org.br\/wp-content\/uploads\/2016\/09\/IMG_6276-100x75.jpg 100w, https:\/\/pdt-rj.org.br\/wp-content\/uploads\/2016\/09\/IMG_6276-768x576.jpg 768w, https:\/\/pdt-rj.org.br\/wp-content\/uploads\/2016\/09\/IMG_6276.jpg 1024w, https:\/\/pdt-rj.org.br\/wp-content\/uploads\/2016\/09\/IMG_6276-120x90.jpg 120w\" sizes=\"auto, (max-width: 300px) 100vw, 300px\" \/>Caucaia vai avan\u00e7ar<\/b>\u00a0<\/div>\n<div>\u00a0<\/div>\n<div>Em Caucaia, segunda cidade mais populosa do estado, o presidente estadual do PDT no Cear\u00e1, Andr\u00e9 Figueiredo defendeu a necessidade de uma gest\u00e3o preparada para administrar uma cidade de grande porte do estado.\u00a0<\/div>\n<div>\u00a0<\/div>\n<div id=\"yui_3_16_0_ym19_1_1473428822572_231271\">&#8220;Naumi Amorim (PMB) e sua vice, Livia Arruda (PTB), contam com o apoio do PDT para transformar a vida desses moradores. Chega de atraso e amadorismo&#8221;, afirmou o deputado, ao participar de uma caminhada, no bairro Itamb\u00e9, junto do candidato pedetista Renato Guerra, que disputa uma vaga na C\u00e2mara de Vereadores.<\/div>\n<!-- AddThis Advanced Settings generic via filter on the_content --><!-- AddThis Share Buttons generic via filter on the_content -->","protected":false},"excerpt":{"rendered":"<p>Na elei\u00e7\u00e3o deste ano, em S\u00e3o Gon\u00e7alo do Amarante, o prefeito Cl\u00e1udio Pinho (PDT) mostrou sua capacidade integradora ao consolidar uma coliga\u00e7\u00e3o composta por 20 partidos para a reelei\u00e7\u00e3o. O cen\u00e1rio foi comprovado durante amplo com\u00edcio que contou com a participa\u00e7\u00e3o do deputado federal e presidente estadual do PDT no Cear\u00e1, Andr\u00e9 Figueiredo, de candidatos&#8230;<!-- AddThis Advanced Settings generic via filter on wp_trim_excerpt --><!-- AddThis Share Buttons generic via filter on wp_trim_excerpt --><\/p>\n","protected":false},"author":17,"featured_media":0,"comment_status":"closed","ping_status":"open","sticky":false,"template":"","format":"standard","meta":{"_monsterinsights_skip_tracking":false,"_monsterinsights_sitenote_active":false,"_monsterinsights_sitenote_note":"","_monsterinsights_sitenote_category":0,"_uf_show_specific_survey":0,"_uf_disable_surveys":false,"footnotes":""},"categories":[976],"tags":[34,1058,1316,38,1317,857],"class_list":["post-47915","post","type-post","status-publish","format-standard","hentry","category-noticias-em-destaque","tag-andre-figueiredo","tag-claudio-pinho","tag-educacao-e-infraestrutura","tag-pdt","tag-sao-goncalo-do-amarante","tag-saude"],"acf":[],"_links":{"self":[{"href":"https:\/\/pdt-rj.org.br\/index.php\/wp-json\/wp\/v2\/posts\/47915","targetHints":{"allow":["GET"]}}],"collection":[{"href":"https:\/\/pdt-rj.org.br\/index.php\/wp-json\/wp\/v2\/posts"}],"about":[{"href":"https:\/\/pdt-rj.org.br\/index.php\/wp-json\/wp\/v2\/types\/post"}],"author":[{"embeddable":true,"href":"https:\/\/pdt-rj.org.br\/index.php\/wp-json\/wp\/v2\/users\/17"}],"replies":[{"embeddable":true,"href":"https:\/\/pdt-rj.org.br\/index.php\/wp-json\/wp\/v2\/comments?post=47915"}],"version-history":[{"count":1,"href":"https:\/\/pdt-rj.org.br\/index.php\/wp-json\/wp\/v2\/posts\/47915\/revisions"}],"predecessor-version":[{"id":53574,"href":"https:\/\/pdt-rj.org.br\/index.php\/wp-json\/wp\/v2\/posts\/47915\/revisions\/53574"}],"wp:attachment":[{"href":"https:\/\/pdt-rj.org.br\/index.php\/wp-json\/wp\/v2\/media?parent=47915"}],"wp:term":[{"taxonomy":"category","embeddable":true,"href":"https:\/\/pdt-rj.org.br\/index.php\/wp-json\/wp\/v2\/categories?post=47915"},{"taxonomy":"post_tag","embeddable":true,"href":"https:\/\/pdt-rj.org.br\/index.php\/wp-json\/wp\/v2\/tags?post=47915"}],"curies":[{"name":"wp","href":"https:\/\/api.w.org\/{rel}","templated":true}]}}