{"id":47854,"date":"2016-08-30T18:43:12","date_gmt":"2016-08-30T21:43:12","guid":{"rendered":"http:\/\/pdt-rj.org.br\/?p=47623"},"modified":"2017-10-26T09:07:45","modified_gmt":"2017-10-26T11:07:45","slug":"para-andre-figueiredo-reforma-administrativa-prejudica-politicas-sociais","status":"publish","type":"post","link":"https:\/\/pdt-rj.org.br\/index.php\/para-andre-figueiredo-reforma-administrativa-prejudica-politicas-sociais\/","title":{"rendered":"Para Andr\u00e9 Figueiredo, reforma administrativa prejudica pol\u00edticas sociais"},"content":{"rendered":"<p><img loading=\"lazy\" decoding=\"async\" class=\"alignnone size-medium wp-image-47625 alignleft\" src=\"http:\/\/pdt-rj.org.br\/wp-content\/uploads\/2016\/08\/Para-Andr\u00e9-Figueriedo-reforma-administrativa-prejudica-reformas-sociais-300x200.jpg\" alt=\"Para Andr\u00e9 Figueriedo, reforma administrativa prejudica reformas sociais\" width=\"300\" height=\"200\" srcset=\"https:\/\/pdt-rj.org.br\/wp-content\/uploads\/2016\/08\/Para-Andr\u00e9-Figueriedo-reforma-administrativa-prejudica-reformas-sociais-300x200.jpg 300w, https:\/\/pdt-rj.org.br\/wp-content\/uploads\/2016\/08\/Para-Andr\u00e9-Figueriedo-reforma-administrativa-prejudica-reformas-sociais-100x67.jpg 100w, https:\/\/pdt-rj.org.br\/wp-content\/uploads\/2016\/08\/Para-Andr\u00e9-Figueriedo-reforma-administrativa-prejudica-reformas-sociais-768x511.jpg 768w, https:\/\/pdt-rj.org.br\/wp-content\/uploads\/2016\/08\/Para-Andr\u00e9-Figueriedo-reforma-administrativa-prejudica-reformas-sociais-135x90.jpg 135w, https:\/\/pdt-rj.org.br\/wp-content\/uploads\/2016\/08\/Para-Andr\u00e9-Figueriedo-reforma-administrativa-prejudica-reformas-sociais-600x399.jpg 600w, https:\/\/pdt-rj.org.br\/wp-content\/uploads\/2016\/08\/Para-Andr\u00e9-Figueriedo-reforma-administrativa-prejudica-reformas-sociais.jpg 800w\" sizes=\"auto, (max-width: 300px) 100vw, 300px\" \/>O deputado federal, Andr\u00e9 Figueiredo (PDT-CE) alertou, durante a aprova\u00e7\u00e3o da proposta de reforma administrativa do governo interino no plen\u00e1rio da C\u00e2mara, na madrugada de hoje (30), que a altera\u00e7\u00e3o da estrutura do Executivo federal apresenta um car\u00e1ter meramente figurativo e afeta \u00e1reas estrat\u00e9gicas, como Previd\u00eancia, Ci\u00eancia e Tecnologia e Comunica\u00e7\u00f5es.<\/p>\n<p>Encaminhada para vota\u00e7\u00e3o no Senado, a Medida Provis\u00f3ria (MP 726\/2016) transforma, incorpora, cria e extingue \u00f3rg\u00e3os ministeriais e de secretarias de governo, gerando economia irrelevante nas contas da Uni\u00e3o e profundos estragos nas pol\u00edticas sociais.<\/p>\n<p>Ao relembrar a argui\u00e7\u00e3o de descumprimento de preceito fundamental (ADPF 409) que o PDT protocolou, em maio deste ano no Superior Tribunal Federal (STF), o parlamentar reafirmou que a MP descumpre v\u00e1rios preceitos fundamentas da Constitui\u00e7\u00e3o de 1988.<\/p>\n<p>\u201cO PDT entrou com uma argui\u00e7\u00e3o em virtude dessa reforma ser um desprop\u00f3sito. Daqui a dois dias (amanh\u00e3), esse governo interino pode se tornar efetivo. E se isso n\u00e3o acontecer? Vamos ter que voltar tudo a outra era\u201d, apontou.<\/p>\n<p>Sobre a fus\u00e3o de pastas, o deputado indicou a necessidade de redu\u00e7\u00e3o de custos do Estado, mas sem a retirada de direitos e supress\u00e3o de pol\u00edticas sociais. \u201cEssa reforma n\u00e3o passa de uma mera maquiagem. Se n\u00f3s quisermos economizar com o Estado brasileiro, vamos fazer uma auditoria da d\u00edvida p\u00fablica\u201d, criticou.<\/p>\n<p><strong>Assista \u00e0\u00a0fala do deputado Andr\u00e9 Figueiredo:<\/strong><\/p>\n<p><iframe loading=\"lazy\" src=\"https:\/\/www.youtube.com\/embed\/SkbrJqhF3LM\" width=\"560\" height=\"315\" frameborder=\"0\" allowfullscreen=\"allowfullscreen\"><\/iframe><\/p>\n<p>Com a aprova\u00e7\u00e3o do texto a partir de uma emenda aglutinativa, a bancada do governo promoveu uma manobra para impedir a aprecia\u00e7\u00e3o de apontamentos que buscavam incluir a recria\u00e7\u00e3o dos minist\u00e9rios da Previd\u00eancia Social, incorporado ao Minist\u00e9rio da Fazenda, e das Comunica\u00e7\u00f5es, unificado com Ci\u00eancia e Tecnologia.<\/p>\n<p>Leia mat\u00e9ria completa <strong><a href=\"http:\/\/www.andrefigueiredo.net\/noticias\/reforma-administrativa-do-governo-interino-prejudica-politicas-sociais-e-implementa-corte-figurativo-de-gastos-afirma-andre-figueiredo\/\">aqui<\/a><\/strong>.<\/p>\n<!-- AddThis Advanced Settings generic via filter on the_content --><!-- AddThis Share Buttons generic via filter on the_content -->","protected":false},"excerpt":{"rendered":"<p>O deputado federal, Andr\u00e9 Figueiredo (PDT-CE) alertou, durante a aprova\u00e7\u00e3o da proposta de reforma administrativa do governo interino no plen\u00e1rio da C\u00e2mara, na madrugada de hoje (30), que a altera\u00e7\u00e3o da estrutura do Executivo federal apresenta um car\u00e1ter meramente figurativo e afeta \u00e1reas estrat\u00e9gicas, como Previd\u00eancia, Ci\u00eancia e Tecnologia e Comunica\u00e7\u00f5es. Encaminhada para vota\u00e7\u00e3o no&#8230;<!-- AddThis Advanced Settings generic via filter on wp_trim_excerpt --><!-- AddThis Share Buttons generic via filter on wp_trim_excerpt --><\/p>\n","protected":false},"author":17,"featured_media":0,"comment_status":"closed","ping_status":"open","sticky":false,"template":"","format":"standard","meta":{"_monsterinsights_skip_tracking":false,"_monsterinsights_sitenote_active":false,"_monsterinsights_sitenote_note":"","_monsterinsights_sitenote_category":0,"_uf_show_specific_survey":0,"_uf_disable_surveys":false,"footnotes":""},"categories":[1459,1401,976],"tags":[34,1244,38,1245,1104,1246,822],"class_list":["post-47854","post","type-post","status-publish","format-standard","hentry","category-congresso","category-nacional","category-noticias-em-destaque","tag-andre-figueiredo","tag-governo-interino","tag-pdt","tag-preceito-fundamental","tag-previdencia-social","tag-reforma-administrativa","tag-requerimento"],"acf":[],"_links":{"self":[{"href":"https:\/\/pdt-rj.org.br\/index.php\/wp-json\/wp\/v2\/posts\/47854","targetHints":{"allow":["GET"]}}],"collection":[{"href":"https:\/\/pdt-rj.org.br\/index.php\/wp-json\/wp\/v2\/posts"}],"about":[{"href":"https:\/\/pdt-rj.org.br\/index.php\/wp-json\/wp\/v2\/types\/post"}],"author":[{"embeddable":true,"href":"https:\/\/pdt-rj.org.br\/index.php\/wp-json\/wp\/v2\/users\/17"}],"replies":[{"embeddable":true,"href":"https:\/\/pdt-rj.org.br\/index.php\/wp-json\/wp\/v2\/comments?post=47854"}],"version-history":[{"count":1,"href":"https:\/\/pdt-rj.org.br\/index.php\/wp-json\/wp\/v2\/posts\/47854\/revisions"}],"predecessor-version":[{"id":56208,"href":"https:\/\/pdt-rj.org.br\/index.php\/wp-json\/wp\/v2\/posts\/47854\/revisions\/56208"}],"wp:attachment":[{"href":"https:\/\/pdt-rj.org.br\/index.php\/wp-json\/wp\/v2\/media?parent=47854"}],"wp:term":[{"taxonomy":"category","embeddable":true,"href":"https:\/\/pdt-rj.org.br\/index.php\/wp-json\/wp\/v2\/categories?post=47854"},{"taxonomy":"post_tag","embeddable":true,"href":"https:\/\/pdt-rj.org.br\/index.php\/wp-json\/wp\/v2\/tags?post=47854"}],"curies":[{"name":"wp","href":"https:\/\/api.w.org\/{rel}","templated":true}]}}