{"id":47851,"date":"2016-08-08T12:13:59","date_gmt":"2016-08-08T15:13:59","guid":{"rendered":"http:\/\/pdt-rj.org.br\/?p=46734"},"modified":"2017-10-26T09:07:54","modified_gmt":"2017-10-26T11:07:54","slug":"isabella-de-roldao-destaca-os-dez-anos-da-lei-maria-da-penha","status":"publish","type":"post","link":"https:\/\/pdt-rj.org.br\/index.php\/isabella-de-roldao-destaca-os-dez-anos-da-lei-maria-da-penha\/","title":{"rendered":"Isabella de Rold\u00e3o destaca os dez anos da Lei Maria da Penha"},"content":{"rendered":"<p><img loading=\"lazy\" decoding=\"async\" class=\"alignnone size-medium wp-image-46897 alignright\" src=\"http:\/\/pdt-rj.org.br\/wp-content\/uploads\/2016\/08\/Isabella-Lei-Maria-da-Penha-1-300x200.jpg\" alt=\"Isabella Lei Maria da Penha\" width=\"300\" height=\"200\" srcset=\"https:\/\/pdt-rj.org.br\/wp-content\/uploads\/2016\/08\/Isabella-Lei-Maria-da-Penha-1-300x200.jpg 300w, https:\/\/pdt-rj.org.br\/wp-content\/uploads\/2016\/08\/Isabella-Lei-Maria-da-Penha-1-100x67.jpg 100w, https:\/\/pdt-rj.org.br\/wp-content\/uploads\/2016\/08\/Isabella-Lei-Maria-da-Penha-1-135x90.jpg 135w, https:\/\/pdt-rj.org.br\/wp-content\/uploads\/2016\/08\/Isabella-Lei-Maria-da-Penha-1.jpg 400w\" sizes=\"auto, (max-width: 300px) 100vw, 300px\" \/>A Lei federal n\u00famero 11.340\/2006, mais conhecida como Lei Maria da Penha, completou dez anos nesse domingo (07) e o assunto foi levado \u00e0 tribuna da Casa de Jos\u00e9 Mariano, no Recife, pela vereadora <strong><a href=\"https:\/\/www.facebook.com\/isabelladeroldao12345\/\">Isabella de Rold\u00e3o<\/a><\/strong> (PDT-PE). Na reuni\u00e3o ordin\u00e1ria desta segunda-feira, 08, ela destacou que houve avan\u00e7os com a referida Lei, mas lamentou muitos fatos que ainda ocorrem em todo o pa\u00eds.<\/p>\n<p>\u201cMaria da Penha tornou-se refer\u00eancia por levar a sua hist\u00f3ria de extrema viol\u00eancia ao conhecimento de organismos internacionais e fazer com que o Brasil assuma a sua responsabilidade com a mulher v\u00edtima da viol\u00eancia dom\u00e9stica. Mas ainda vemos o quanto \u00e9 dif\u00edcil que essa Lei alcance as mulheres. Ainda convivemos com o preconceito que existe, resiste e persiste\u201d.<\/p>\n<p>A parlamentar exemplificou que isso acontece quando a sociedade considera que a mulher \u00e9 respons\u00e1vel pela viol\u00eancia sofrida. \u201cQuando se pergunta a uma pessoa \u2018o que voc\u00ea fez para apanhar?\u2019. Nenhuma v\u00edtima pode ser culpada por ter sofrido a viol\u00eancia\u201d, disse.<\/p>\n<p>No entanto, ela destacou que a Lei avan\u00e7a quando tipifica outros tipos de viol\u00eancia al\u00e9m da f\u00edsica, como a psicol\u00f3gica, sexual e patrimonial, que podem ser causadas por companheiros ou ex-companheiros das mulheres.<\/p>\n<p>Isabella lembrou tamb\u00e9m que, antes da exist\u00eancia da Lei Maria da Penha, era comum que a sociedade repetisse o dito popular: \u201cem briga de marido e mulher ningu\u00e9m mete a colher\u201d e condenou que vizinhos, conhecidos e amigos das v\u00edtimas ignorem o fato. \u201cNos \u00faltimos dez anos, houve um empoderamento feminino que contribui para a que a mulher procure denunciar\u201d, frisou.<\/p>\n<!-- AddThis Advanced Settings generic via filter on the_content --><!-- AddThis Share Buttons generic via filter on the_content -->","protected":false},"excerpt":{"rendered":"<p>A Lei federal n\u00famero 11.340\/2006, mais conhecida como Lei Maria da Penha, completou dez anos nesse domingo (07) e o assunto foi levado \u00e0 tribuna da Casa de Jos\u00e9 Mariano, no Recife, pela vereadora Isabella de Rold\u00e3o (PDT-PE). Na reuni\u00e3o ordin\u00e1ria desta segunda-feira, 08, ela destacou que houve avan\u00e7os com a referida Lei, mas lamentou&#8230;<!-- AddThis Advanced Settings generic via filter on wp_trim_excerpt --><!-- AddThis Share Buttons generic via filter on wp_trim_excerpt --><\/p>\n","protected":false},"author":17,"featured_media":0,"comment_status":"closed","ping_status":"open","sticky":false,"template":"","format":"standard","meta":{"_monsterinsights_skip_tracking":false,"_monsterinsights_sitenote_active":false,"_monsterinsights_sitenote_note":"","_monsterinsights_sitenote_category":0,"_uf_show_specific_survey":0,"_uf_disable_surveys":false,"footnotes":""},"categories":[976],"tags":[1096,1097,510,1098,558,38,1099],"class_list":["post-47851","post","type-post","status-publish","format-standard","hentry","category-noticias-em-destaque","tag-empoderamento","tag-feminino","tag-isabella-de-roldao","tag-lei-federal-numero-11-3402006","tag-lei-maria-da-penha","tag-pdt","tag-pdt-pe"],"acf":[],"_links":{"self":[{"href":"https:\/\/pdt-rj.org.br\/index.php\/wp-json\/wp\/v2\/posts\/47851","targetHints":{"allow":["GET"]}}],"collection":[{"href":"https:\/\/pdt-rj.org.br\/index.php\/wp-json\/wp\/v2\/posts"}],"about":[{"href":"https:\/\/pdt-rj.org.br\/index.php\/wp-json\/wp\/v2\/types\/post"}],"author":[{"embeddable":true,"href":"https:\/\/pdt-rj.org.br\/index.php\/wp-json\/wp\/v2\/users\/17"}],"replies":[{"embeddable":true,"href":"https:\/\/pdt-rj.org.br\/index.php\/wp-json\/wp\/v2\/comments?post=47851"}],"version-history":[{"count":1,"href":"https:\/\/pdt-rj.org.br\/index.php\/wp-json\/wp\/v2\/posts\/47851\/revisions"}],"predecessor-version":[{"id":56273,"href":"https:\/\/pdt-rj.org.br\/index.php\/wp-json\/wp\/v2\/posts\/47851\/revisions\/56273"}],"wp:attachment":[{"href":"https:\/\/pdt-rj.org.br\/index.php\/wp-json\/wp\/v2\/media?parent=47851"}],"wp:term":[{"taxonomy":"category","embeddable":true,"href":"https:\/\/pdt-rj.org.br\/index.php\/wp-json\/wp\/v2\/categories?post=47851"},{"taxonomy":"post_tag","embeddable":true,"href":"https:\/\/pdt-rj.org.br\/index.php\/wp-json\/wp\/v2\/tags?post=47851"}],"curies":[{"name":"wp","href":"https:\/\/api.w.org\/{rel}","templated":true}]}}