{"id":47850,"date":"2016-08-08T11:20:45","date_gmt":"2016-08-08T14:20:45","guid":{"rendered":"http:\/\/pdt-rj.org.br\/?p=46727"},"modified":"2017-10-26T09:07:54","modified_gmt":"2017-10-26T11:07:54","slug":"prefeito-roberto-claudio-participa-com-cerca-de-3-mil-pessoas-da-pedalada-com-jesus","status":"publish","type":"post","link":"https:\/\/pdt-rj.org.br\/index.php\/prefeito-roberto-claudio-participa-com-cerca-de-3-mil-pessoas-da-pedalada-com-jesus\/","title":{"rendered":"Prefeito Roberto Cl\u00e1udio participa com cerca de 3 mil pessoas da \u201cPedalada com Jesus\u201d"},"content":{"rendered":"<div dir=\"ltr\"><img loading=\"lazy\" decoding=\"async\" class=\"alignnone size-medium wp-image-46728 alignleft\" src=\"http:\/\/pdt-rj.org.br\/wp-content\/uploads\/2016\/08\/IMG_0985-300x200.jpg\" alt=\"Roberto Cl\u00e1udio na &quot;Pedalada com Jesus&quot;\" width=\"300\" height=\"200\" \/>O prefeito de Fortaleza, Roberto Cl\u00e1udio (PDT-CE), participou nesse domingo (7) da 7\u00aa edi\u00e7\u00e3o da \u201cPedalada com Jesus\u201d.\u00a0Cerca de tr\u00eas mil pessoas participaram do evento percorrendo um trajeto de 10 km passando pelas principais ruas do Parque Dois Irm\u00e3os.<u><\/u><u><\/u><\/div>\n<div>\u00a0<\/div>\n<div>Roberto Cl\u00e1udio destacou que Fortaleza vem abra\u00e7ando com muito entusiasmo a ideia iniciada pela atual gest\u00e3o de utilizar a bicicleta n\u00e3o s\u00f3 como atividade de lazer, ampliando a conviv\u00eancia comunit\u00e1ria, mas tamb\u00e9m como meio de transporte.<u><\/u><u><\/u><\/div>\n<div>\u00a0<\/div>\n<div>\u201cToda iniciativa que estimula a paz, o bem-estar e o lazer s\u00e3o muito importantes para a sociedade. Este \u00e9 um evento muito organizado, estruturado pela igreja local e por um padre que estimula a integra\u00e7\u00e3o comunit\u00e1ria e a f\u00e9 em Deus por v\u00e1rios caminhos, inclusive o da pr\u00e1tica de esporte. Aproveitei a manh\u00e3 deste domingo para pedalar, orar e pedir muitas b\u00ean\u00e7\u00e3os a Deus ao povo de Fortaleza\u201d, afirmou o Prefeito.<\/div>\n<div>\u00a0<\/div>\n<div dir=\"ltr\">O padre Reginaldo Guimar\u00e3es, p\u00e1roco da M\u00e3e Sant\u00edssima e organizador do evento, destacou a import\u00e2ncia do uso da bicicleta.\u00a0 \u201cA cada ano nossa juventude e as fam\u00edlias aderem a esse evento que une f\u00e9 e esporte e se apresenta como uma maneira nova de evangelizar e falar de Deus. Al\u00e9m disso, queremos incentivar a ideia de usar mais bicicletas, criando uma maior consci\u00eancia ecol\u00f3gica e ambiental\u201d, afirmou.<\/div>\n<!-- AddThis Advanced Settings generic via filter on the_content --><!-- AddThis Share Buttons generic via filter on the_content -->","protected":false},"excerpt":{"rendered":"<p>O prefeito de Fortaleza, Roberto Cl\u00e1udio (PDT-CE), participou nesse domingo (7) da 7\u00aa edi\u00e7\u00e3o da \u201cPedalada com Jesus\u201d.\u00a0Cerca de tr\u00eas mil pessoas participaram do evento percorrendo um trajeto de 10 km passando pelas principais ruas do Parque Dois Irm\u00e3os. \u00a0 Roberto Cl\u00e1udio destacou que Fortaleza vem abra\u00e7ando com muito entusiasmo a ideia iniciada pela atual&#8230;<!-- AddThis Advanced Settings generic via filter on wp_trim_excerpt --><!-- AddThis Share Buttons generic via filter on wp_trim_excerpt --><\/p>\n","protected":false},"author":17,"featured_media":0,"comment_status":"closed","ping_status":"open","sticky":false,"template":"","format":"standard","meta":{"_monsterinsights_skip_tracking":false,"_monsterinsights_sitenote_active":false,"_monsterinsights_sitenote_note":"","_monsterinsights_sitenote_category":0,"_uf_show_specific_survey":0,"_uf_disable_surveys":false,"footnotes":""},"categories":[976],"tags":[1071,38,1094,1095,836],"class_list":["post-47850","post","type-post","status-publish","format-standard","hentry","category-noticias-em-destaque","tag-fortaleza","tag-pdt","tag-pdt-ce","tag-pedalada-com-jesus","tag-roberto-claudio"],"acf":[],"_links":{"self":[{"href":"https:\/\/pdt-rj.org.br\/index.php\/wp-json\/wp\/v2\/posts\/47850","targetHints":{"allow":["GET"]}}],"collection":[{"href":"https:\/\/pdt-rj.org.br\/index.php\/wp-json\/wp\/v2\/posts"}],"about":[{"href":"https:\/\/pdt-rj.org.br\/index.php\/wp-json\/wp\/v2\/types\/post"}],"author":[{"embeddable":true,"href":"https:\/\/pdt-rj.org.br\/index.php\/wp-json\/wp\/v2\/users\/17"}],"replies":[{"embeddable":true,"href":"https:\/\/pdt-rj.org.br\/index.php\/wp-json\/wp\/v2\/comments?post=47850"}],"version-history":[{"count":1,"href":"https:\/\/pdt-rj.org.br\/index.php\/wp-json\/wp\/v2\/posts\/47850\/revisions"}],"predecessor-version":[{"id":56274,"href":"https:\/\/pdt-rj.org.br\/index.php\/wp-json\/wp\/v2\/posts\/47850\/revisions\/56274"}],"wp:attachment":[{"href":"https:\/\/pdt-rj.org.br\/index.php\/wp-json\/wp\/v2\/media?parent=47850"}],"wp:term":[{"taxonomy":"category","embeddable":true,"href":"https:\/\/pdt-rj.org.br\/index.php\/wp-json\/wp\/v2\/categories?post=47850"},{"taxonomy":"post_tag","embeddable":true,"href":"https:\/\/pdt-rj.org.br\/index.php\/wp-json\/wp\/v2\/tags?post=47850"}],"curies":[{"name":"wp","href":"https:\/\/api.w.org\/{rel}","templated":true}]}}