{"id":47844,"date":"2016-08-05T10:22:37","date_gmt":"2016-08-05T13:22:37","guid":{"rendered":"http:\/\/pdt-rj.org.br\/?p=46521"},"modified":"2017-10-26T09:07:54","modified_gmt":"2017-10-26T11:07:54","slug":"roberto-claudio-e-candidato-a-reelicao-para-prefeitura-de-fortaleza","status":"publish","type":"post","link":"https:\/\/pdt-rj.org.br\/index.php\/roberto-claudio-e-candidato-a-reelicao-para-prefeitura-de-fortaleza\/","title":{"rendered":"Roberto Cl\u00e1udio \u00e9 candidato \u00e0 reelei\u00e7\u00e3o para Prefeitura de Fortaleza"},"content":{"rendered":"<p style=\"text-align: left;\"><span style=\"color: #000000; font-family: Calibri; font-size: medium;\"> <img loading=\"lazy\" decoding=\"async\" class=\"alignnone size-medium wp-image-46533 alignright\" src=\"http:\/\/pdt-rj.org.br\/wp-content\/uploads\/2016\/08\/IMG_7165-300x200.jpg\" alt=\"IMG_7165\" width=\"300\" height=\"200\" \/>O PDT de Fortaleza confirmou o nome de Roberto Cl\u00e1udio como candidato \u00e0 reelei\u00e7\u00e3o para prefeito da capital. A indica\u00e7\u00e3o aconteceu em noite de festa, com a presen\u00e7a de mais de tr\u00eas mil pessoas no Gin\u00e1sio da Faculdade Ari de S\u00e1, na conven\u00e7\u00e3o do partido. O evento contou com a presen\u00e7a das maiores lideran\u00e7as pol\u00edticas do Estado, al\u00e9m do presidente nacional do PDT, Carlos Lupi.<\/span><\/p>\n<p><span style=\"color: #000000; font-family: Calibri; font-size: medium;\">Logo ap\u00f3s ser confirmado por aclama\u00e7\u00e3o, o prefeito Roberto Cl\u00e1udio agradeceu o apoio da milit\u00e2ncia do partido e garantiu que vai continuar trabalhando pesado em todas as mudan\u00e7as estruturais que a cidade de Fortaleza precisa.<\/span><\/p>\n<p><span style=\"color: #000000; font-family: Calibri; font-size: medium;\">\u201cAvan\u00e7amos muito. Demos um passo enorme na quest\u00e3o da mobilidade urbana, transformamos Fortaleza e vamos continuar mudando a cara da nossa cidade\u201d, afirmou Roberto, sendo ovacionado pela milit\u00e2ncia.<\/span><\/p>\n<p><span style=\"color: #000000; font-family: Calibri; font-size: medium;\">J\u00e1 o presidente nacional do PDT ressaltou a import\u00e2ncia da capital cearense no cen\u00e1rio pol\u00edtico, n\u00e3o apenas regional, mas nacional.<\/span><\/p>\n<p><span style=\"color: #000000; font-family: Calibri; font-size: medium;\">\u201cRoberto tem a nossa cara, a nossa garra de mudan\u00e7a, de justi\u00e7a social. E essa candidatura tem uma import\u00e2ncia enorme no cen\u00e1rio nacional, uma vez que daqui, do Estado do Cear\u00e1, sair\u00e1 nosso pr\u00f3ximo presidente da Rep\u00fablica\u201d garantiu Lupi, fazendo refer\u00eancia ao pr\u00e9-candidato do PDT \u00e0 Presid\u00eancia, Ciro Gomes.<\/span><\/p>\n<p><span style=\"color: #000000; font-family: Calibri; font-size: medium;\">Al\u00e9m de Lupi, os irm\u00e3os Ciro e Cid Gomes, e o deputado federal Andr\u00e9 Figueiredo do PDT participaram do encontro.<\/span><\/p>\n<!-- AddThis Advanced Settings generic via filter on the_content --><!-- AddThis Share Buttons generic via filter on the_content -->","protected":false},"excerpt":{"rendered":"<p>O PDT de Fortaleza confirmou o nome de Roberto Cl\u00e1udio como candidato \u00e0 reelei\u00e7\u00e3o para prefeito da capital. A indica\u00e7\u00e3o aconteceu em noite de festa, com a presen\u00e7a de mais de tr\u00eas mil pessoas no Gin\u00e1sio da Faculdade Ari de S\u00e1, na conven\u00e7\u00e3o do partido. O evento contou com a presen\u00e7a das maiores lideran\u00e7as pol\u00edticas&#8230;<!-- AddThis Advanced Settings generic via filter on wp_trim_excerpt --><!-- AddThis Share Buttons generic via filter on wp_trim_excerpt --><\/p>\n","protected":false},"author":17,"featured_media":0,"comment_status":"closed","ping_status":"open","sticky":false,"template":"","format":"standard","meta":{"_monsterinsights_skip_tracking":false,"_monsterinsights_sitenote_active":false,"_monsterinsights_sitenote_note":"","_monsterinsights_sitenote_category":0,"_uf_show_specific_survey":0,"_uf_disable_surveys":false,"footnotes":""},"categories":[976],"tags":[196,220,38,811,836],"class_list":["post-47844","post","type-post","status-publish","format-standard","hentry","category-noticias-em-destaque","tag-carlos-lupi","tag-ciro-gomes","tag-pdt","tag-reeleicao","tag-roberto-claudio"],"acf":[],"_links":{"self":[{"href":"https:\/\/pdt-rj.org.br\/index.php\/wp-json\/wp\/v2\/posts\/47844","targetHints":{"allow":["GET"]}}],"collection":[{"href":"https:\/\/pdt-rj.org.br\/index.php\/wp-json\/wp\/v2\/posts"}],"about":[{"href":"https:\/\/pdt-rj.org.br\/index.php\/wp-json\/wp\/v2\/types\/post"}],"author":[{"embeddable":true,"href":"https:\/\/pdt-rj.org.br\/index.php\/wp-json\/wp\/v2\/users\/17"}],"replies":[{"embeddable":true,"href":"https:\/\/pdt-rj.org.br\/index.php\/wp-json\/wp\/v2\/comments?post=47844"}],"version-history":[{"count":1,"href":"https:\/\/pdt-rj.org.br\/index.php\/wp-json\/wp\/v2\/posts\/47844\/revisions"}],"predecessor-version":[{"id":56278,"href":"https:\/\/pdt-rj.org.br\/index.php\/wp-json\/wp\/v2\/posts\/47844\/revisions\/56278"}],"wp:attachment":[{"href":"https:\/\/pdt-rj.org.br\/index.php\/wp-json\/wp\/v2\/media?parent=47844"}],"wp:term":[{"taxonomy":"category","embeddable":true,"href":"https:\/\/pdt-rj.org.br\/index.php\/wp-json\/wp\/v2\/categories?post=47844"},{"taxonomy":"post_tag","embeddable":true,"href":"https:\/\/pdt-rj.org.br\/index.php\/wp-json\/wp\/v2\/tags?post=47844"}],"curies":[{"name":"wp","href":"https:\/\/api.w.org\/{rel}","templated":true}]}}