{"id":47843,"date":"2016-08-04T17:49:34","date_gmt":"2016-08-04T20:49:34","guid":{"rendered":"http:\/\/pdt-rj.org.br\/?p=46510"},"modified":"2017-10-26T09:07:54","modified_gmt":"2017-10-26T11:07:54","slug":"telmario-vota-contra-parecer-sobre-impeachment-no-senado","status":"publish","type":"post","link":"https:\/\/pdt-rj.org.br\/index.php\/telmario-vota-contra-parecer-sobre-impeachment-no-senado\/","title":{"rendered":"Telm\u00e1rio vota contra parecer sobre Impeachment no Senado"},"content":{"rendered":"<p><img loading=\"lazy\" decoding=\"async\" class=\"alignnone size-medium wp-image-46513 alignright\" src=\"http:\/\/pdt-rj.org.br\/wp-content\/uploads\/2016\/08\/Telm\u00e1rio-Mota-na-Comiss\u00e3o-Especial-do-Impeachment-4-de-agosto-300x196.jpg\" alt=\"Telm\u00e1rio-Mota-na-Comiss\u00e3o-Especial-do-Impeachment---4-de-agosto\" width=\"300\" height=\"196\" \/>Com 14 votos favor\u00e1veis e cinco contr\u00e1rios, a Comiss\u00e3o Especial de Impeachment (CEI) aprovou, nesta quinta-feira (4), o relat\u00f3rio do senador Ant\u00f4nio Anastasia (PSDB-MG) que recomenda o julgamento de Dilma Rousseff por crime de responsabilidade. O parecer foi recebido nesta tarde pelo Plen\u00e1rio da Casa, que deve vot\u00e1-lo na pr\u00f3xima ter\u00e7a-feira (9).<\/p>\n<p>Ao encaminhar o voto contr\u00e1rio ao relat\u00f3rio de Anastasia, o senador <strong><a href=\"http:\/\/www.telmariomota.com.br\/\">Telm\u00e1rio Mota<\/a><\/strong> (PDT-RR) disse estar claro que a presidente afastada n\u00e3o cometeu crime algum e, por isso, os pr\u00f3-impeachment divagam sobre a necessidade de cass\u00e1-la, apelando para a crise econ\u00f4mica.<\/p>\n<p>Para ele, o maior erro de Dilma n\u00e3o foram as supostas pedaladas fiscais, mas sua alian\u00e7a com o PMDB e outros partidos da base de seu governo, cuja maioria est\u00e1 hoje com o presidente interino Michel Temer. &#8220;Se voc\u00ea fizer uma radiografia dos que est\u00e3o no poder, s\u00f3 tiraram a presidente Dilma&#8221;.<\/p>\n<p>Telm\u00e1rio leu a mensagem de um eleitor de Dilma dizendo agora entender a raz\u00e3o pela qual a petista parecia \u201cn\u00e3o saber governar, n\u00e3o saber negociar\u201d: a presidente simplesmente n\u00e3o jogou o jogo que chamam distorcidamente de \u201cfazer pol\u00edtica\u201d.<\/p>\n<p>\u201cS\u00f3 agora entendemos tudo, presidente Dilma. N\u00e3o \u00e9 que n\u00e3o soubesse governar, mas simplesmente n\u00e3o cedia \u00e0s jogatinas de um Congresso Nacional med\u00edocre que elegemos e, hoje sabemos, est\u00e1 ali para fazer neg\u00f3cios\u201d, disse, reproduzindo trechos da mensagem.<\/p>\n<p><strong>Plen\u00e1rio<\/strong><\/p>\n<p>A presidente Dilma s\u00f3 ser\u00e1 julgada, no entanto, se o Plen\u00e1rio seguir o entendimento da CEI e considerar que h\u00e1 provas de que ela descumpriu leis fiscais e or\u00e7ament\u00e1rias na edi\u00e7\u00e3o de decretos de cr\u00e9dito suplementar e nos atrasos em repasses de subven\u00e7\u00f5es do Plano Safra, em 2015.<\/p>\n<p>A manifesta\u00e7\u00e3o do Plen\u00e1rio deve ocorrer na pr\u00f3xima ter\u00e7a-feira (9), na chamada sess\u00e3o de pron\u00fancia ou impron\u00fancia. Se a maioria simples de senadores (pelo menos 41 parlamentares) considerar que houve crime, o processo de impeachment prosseguir\u00e1 at\u00e9 o julgamento final. Caso contr\u00e1rio, ser\u00e1 arquivado e Dilma Rousseff reassume a Presid\u00eancia da Rep\u00fablica.<\/p>\n<p>Assista ao\u00a0pronunciamento de Telm\u00e1rio Mota:<\/p>\n<p><iframe loading=\"lazy\" title=\"Maior erro de Dilma foi entregar tudo ao PMDB e partidos da base, avalia Telm\u00e1rio Mota (PDT-RR)\" width=\"640\" height=\"480\" src=\"https:\/\/www.youtube.com\/embed\/xXba-AgU-ow?feature=oembed\" frameborder=\"0\" allow=\"accelerometer; autoplay; clipboard-write; encrypted-media; gyroscope; picture-in-picture; web-share\" referrerpolicy=\"strict-origin-when-cross-origin\" allowfullscreen><\/iframe><\/p>\n<!-- AddThis Advanced Settings generic via filter on the_content --><!-- AddThis Share Buttons generic via filter on the_content -->","protected":false},"excerpt":{"rendered":"<p>Com 14 votos favor\u00e1veis e cinco contr\u00e1rios, a Comiss\u00e3o Especial de Impeachment (CEI) aprovou, nesta quinta-feira (4), o relat\u00f3rio do senador Ant\u00f4nio Anastasia (PSDB-MG) que recomenda o julgamento de Dilma Rousseff por crime de responsabilidade. O parecer foi recebido nesta tarde pelo Plen\u00e1rio da Casa, que deve vot\u00e1-lo na pr\u00f3xima ter\u00e7a-feira (9). Ao encaminhar o&#8230;<!-- AddThis Advanced Settings generic via filter on wp_trim_excerpt --><!-- AddThis Share Buttons generic via filter on wp_trim_excerpt --><\/p>\n","protected":false},"author":17,"featured_media":0,"comment_status":"closed","ping_status":"open","sticky":false,"template":"","format":"standard","meta":{"_monsterinsights_skip_tracking":false,"_monsterinsights_sitenote_active":false,"_monsterinsights_sitenote_note":"","_monsterinsights_sitenote_category":0,"_uf_show_specific_survey":0,"_uf_disable_surveys":false,"footnotes":""},"categories":[976],"tags":[235,24,38,906],"class_list":["post-47843","post","type-post","status-publish","format-standard","hentry","category-noticias-em-destaque","tag-comissao-especial-de-impeachment","tag-impeachment","tag-pdt","tag-telmario-mota"],"acf":[],"_links":{"self":[{"href":"https:\/\/pdt-rj.org.br\/index.php\/wp-json\/wp\/v2\/posts\/47843","targetHints":{"allow":["GET"]}}],"collection":[{"href":"https:\/\/pdt-rj.org.br\/index.php\/wp-json\/wp\/v2\/posts"}],"about":[{"href":"https:\/\/pdt-rj.org.br\/index.php\/wp-json\/wp\/v2\/types\/post"}],"author":[{"embeddable":true,"href":"https:\/\/pdt-rj.org.br\/index.php\/wp-json\/wp\/v2\/users\/17"}],"replies":[{"embeddable":true,"href":"https:\/\/pdt-rj.org.br\/index.php\/wp-json\/wp\/v2\/comments?post=47843"}],"version-history":[{"count":1,"href":"https:\/\/pdt-rj.org.br\/index.php\/wp-json\/wp\/v2\/posts\/47843\/revisions"}],"predecessor-version":[{"id":56280,"href":"https:\/\/pdt-rj.org.br\/index.php\/wp-json\/wp\/v2\/posts\/47843\/revisions\/56280"}],"wp:attachment":[{"href":"https:\/\/pdt-rj.org.br\/index.php\/wp-json\/wp\/v2\/media?parent=47843"}],"wp:term":[{"taxonomy":"category","embeddable":true,"href":"https:\/\/pdt-rj.org.br\/index.php\/wp-json\/wp\/v2\/categories?post=47843"},{"taxonomy":"post_tag","embeddable":true,"href":"https:\/\/pdt-rj.org.br\/index.php\/wp-json\/wp\/v2\/tags?post=47843"}],"curies":[{"name":"wp","href":"https:\/\/api.w.org\/{rel}","templated":true}]}}