{"id":47839,"date":"2016-08-04T13:11:08","date_gmt":"2016-08-04T16:11:08","guid":{"rendered":"http:\/\/pdt-rj.org.br\/?p=46483"},"modified":"2017-10-26T09:07:55","modified_gmt":"2017-10-26T11:07:55","slug":"andre-figueiredo-convoca-militancia-para-curso-de-formacao-politica","status":"publish","type":"post","link":"https:\/\/pdt-rj.org.br\/index.php\/andre-figueiredo-convoca-militancia-para-curso-de-formacao-politica\/","title":{"rendered":"Andr\u00e9 Figueiredo convoca milit\u00e2ncia para curso de Forma\u00e7\u00e3o Pol\u00edtica"},"content":{"rendered":"<div id=\"yiv2674728642\">\n<div>\u00a0A Universidade aberta Leonel Brizola (ULB) est\u00e1 com inscri\u00e7\u00f5es abertas para o curso b\u00e1sico de Forma\u00e7\u00e3o Pol\u00edtica. Voc\u00ea que \u00e9 pr\u00e9-candidato acesse o site <a href=\"http:\/\/www.ulb.org.br\/\" target=\"_blank\" rel=\"nofollow\">www.ulb.org.br<\/a> e inscreva-se.<\/div>\n<div id=\"yui_3_16_0_ym19_1_1470326156648_4697\" dir=\"ltr\">\n<p class=\"yiv3996112034MsoNormal\">O curso \u00e9 obrigat\u00f3rio, de acordo com a resolu\u00e7\u00e3o 001\/2016 de 30\/05\/2016, aprovada na reuni\u00e3o do Diret\u00f3rio Nacional, realizada no Rio de Janeiro.<\/p>\n<p><iframe loading=\"lazy\" title=\"Andr\u00e9 Figueiredo  - Forma\u00e7\u00e3o Pol\u00edtica ULB 2016\" width=\"640\" height=\"360\" src=\"https:\/\/www.youtube.com\/embed\/O4NZV_KZHDM?feature=oembed\" frameborder=\"0\" allow=\"accelerometer; autoplay; clipboard-write; encrypted-media; gyroscope; picture-in-picture; web-share\" referrerpolicy=\"strict-origin-when-cross-origin\" allowfullscreen><\/iframe>\n<\/div>\n<\/div>\n<p>&nbsp;<\/p>\n<!-- AddThis Advanced Settings generic via filter on the_content --><!-- AddThis Share Buttons generic via filter on the_content -->","protected":false},"excerpt":{"rendered":"<p>\u00a0A Universidade aberta Leonel Brizola (ULB) est\u00e1 com inscri\u00e7\u00f5es abertas para o curso b\u00e1sico de Forma\u00e7\u00e3o Pol\u00edtica. Voc\u00ea que \u00e9 pr\u00e9-candidato acesse o site www.ulb.org.br e inscreva-se. O curso \u00e9 obrigat\u00f3rio, de acordo com a resolu\u00e7\u00e3o 001\/2016 de 30\/05\/2016, aprovada na reuni\u00e3o do Diret\u00f3rio Nacional, realizada no Rio de Janeiro. &nbsp;<!-- AddThis Advanced Settings generic via filter on wp_trim_excerpt --><!-- AddThis Share Buttons generic via filter on wp_trim_excerpt --><\/p>\n","protected":false},"author":17,"featured_media":0,"comment_status":"closed","ping_status":"open","sticky":false,"template":"","format":"standard","meta":{"_monsterinsights_skip_tracking":false,"_monsterinsights_sitenote_active":false,"_monsterinsights_sitenote_note":"","_monsterinsights_sitenote_category":0,"_uf_show_specific_survey":0,"_uf_disable_surveys":false,"footnotes":""},"categories":[976],"tags":[34,415,38,931],"class_list":["post-47839","post","type-post","status-publish","format-standard","hentry","category-noticias-em-destaque","tag-andre-figueiredo","tag-formacao-politica","tag-pdt","tag-ulb"],"acf":[],"_links":{"self":[{"href":"https:\/\/pdt-rj.org.br\/index.php\/wp-json\/wp\/v2\/posts\/47839","targetHints":{"allow":["GET"]}}],"collection":[{"href":"https:\/\/pdt-rj.org.br\/index.php\/wp-json\/wp\/v2\/posts"}],"about":[{"href":"https:\/\/pdt-rj.org.br\/index.php\/wp-json\/wp\/v2\/types\/post"}],"author":[{"embeddable":true,"href":"https:\/\/pdt-rj.org.br\/index.php\/wp-json\/wp\/v2\/users\/17"}],"replies":[{"embeddable":true,"href":"https:\/\/pdt-rj.org.br\/index.php\/wp-json\/wp\/v2\/comments?post=47839"}],"version-history":[{"count":1,"href":"https:\/\/pdt-rj.org.br\/index.php\/wp-json\/wp\/v2\/posts\/47839\/revisions"}],"predecessor-version":[{"id":56284,"href":"https:\/\/pdt-rj.org.br\/index.php\/wp-json\/wp\/v2\/posts\/47839\/revisions\/56284"}],"wp:attachment":[{"href":"https:\/\/pdt-rj.org.br\/index.php\/wp-json\/wp\/v2\/media?parent=47839"}],"wp:term":[{"taxonomy":"category","embeddable":true,"href":"https:\/\/pdt-rj.org.br\/index.php\/wp-json\/wp\/v2\/categories?post=47839"},{"taxonomy":"post_tag","embeddable":true,"href":"https:\/\/pdt-rj.org.br\/index.php\/wp-json\/wp\/v2\/tags?post=47839"}],"curies":[{"name":"wp","href":"https:\/\/api.w.org\/{rel}","templated":true}]}}