{"id":47838,"date":"2016-08-04T11:51:23","date_gmt":"2016-08-04T14:51:23","guid":{"rendered":"http:\/\/pdt-rj.org.br\/?p=46466"},"modified":"2017-10-26T09:07:55","modified_gmt":"2017-10-26T11:07:55","slug":"ronaldo-lessa-quer-dispensa-de-recolhimento-de-deposito-recursal-para-pequenas-empresas","status":"publish","type":"post","link":"https:\/\/pdt-rj.org.br\/index.php\/ronaldo-lessa-quer-dispensa-de-recolhimento-de-deposito-recursal-para-pequenas-empresas\/","title":{"rendered":"Ronaldo Lessa quer dispensa de recolhimento de dep\u00f3sito recursal para pequenas empresas"},"content":{"rendered":"<p class=\"gmail-msonormal\"><img loading=\"lazy\" decoding=\"async\" class=\"alignnone size-medium wp-image-46467 alignright\" src=\"http:\/\/pdt-rj.org.br\/wp-content\/uploads\/2016\/08\/Ronaldo-Lessa-141-1024x680-300x199.jpg\" alt=\"Ronaldo-Lessa-141-1024x680\" width=\"300\" height=\"199\" srcset=\"https:\/\/pdt-rj.org.br\/wp-content\/uploads\/2016\/08\/Ronaldo-Lessa-141-1024x680-300x199.jpg 300w, https:\/\/pdt-rj.org.br\/wp-content\/uploads\/2016\/08\/Ronaldo-Lessa-141-1024x680-100x66.jpg 100w, https:\/\/pdt-rj.org.br\/wp-content\/uploads\/2016\/08\/Ronaldo-Lessa-141-1024x680-768x510.jpg 768w, https:\/\/pdt-rj.org.br\/wp-content\/uploads\/2016\/08\/Ronaldo-Lessa-141-1024x680.jpg 1024w, https:\/\/pdt-rj.org.br\/wp-content\/uploads\/2016\/08\/Ronaldo-Lessa-141-1024x680-136x90.jpg 136w\" sizes=\"auto, (max-width: 300px) 100vw, 300px\" \/>A Comiss\u00e3o de Trabalho, de Administra\u00e7\u00e3o e Servi\u00e7o P\u00fablico da C\u00e2mara analisa o Projeto de Lei <a href=\"http:\/\/www.camara.gov.br\/proposicoesWeb\/fichadetramitacao?idProposicao=1280056\">1636\/15<\/a>, do deputado federal Ronaldo Lessa (PDT-AL), que dispensa microempresas, empresas de pequeno porte, microempresas individuais e empregadores pessoa f\u00edsica do recolhimento do dep\u00f3sito recursal.<\/p>\n<p class=\"gmail-msonormal\">No caso do empregador pessoa f\u00edsica, a dispensa do dep\u00f3sito \u00e9 assegurada \u00e0quele que comprovar renda mensal correspondente at\u00e9 o triplo do valor do teto do dep\u00f3sito recursal.<\/p>\n<p class=\"gmail-msonormal\">O dep\u00f3sito recursal est\u00e1 previsto na Consolida\u00e7\u00e3o das Leis do Trabalho e \u00e9 exigido como condi\u00e7\u00e3o para que empregadores possam recorrer de decis\u00f5es na Justi\u00e7a do Trabalho. Um dos objetivos \u00e9 garantir recursos financeiros para a execu\u00e7\u00e3o da senten\u00e7a, caso esta seja confirmada por inst\u00e2ncias superiores, bem como evitar a interposi\u00e7\u00e3o de recursos protelat\u00f3rios por parte do empregador. Para o parlamentar, a dispensa do dep\u00f3sito recursal para empresas pequenas objetiva n\u00e3o onerar a empresa em dificuldades financeiras e, assim, n\u00e3o arriscar at\u00e9 a pr\u00f3pria exist\u00eancia da empresa.<\/p>\n<!-- AddThis Advanced Settings generic via filter on the_content --><!-- AddThis Share Buttons generic via filter on the_content -->","protected":false},"excerpt":{"rendered":"<p>A Comiss\u00e3o de Trabalho, de Administra\u00e7\u00e3o e Servi\u00e7o P\u00fablico da C\u00e2mara analisa o Projeto de Lei 1636\/15, do deputado federal Ronaldo Lessa (PDT-AL), que dispensa microempresas, empresas de pequeno porte, microempresas individuais e empregadores pessoa f\u00edsica do recolhimento do dep\u00f3sito recursal. No caso do empregador pessoa f\u00edsica, a dispensa do dep\u00f3sito \u00e9 assegurada \u00e0quele que&#8230;<!-- AddThis Advanced Settings generic via filter on wp_trim_excerpt --><!-- AddThis Share Buttons generic via filter on wp_trim_excerpt --><\/p>\n","protected":false},"author":17,"featured_media":0,"comment_status":"closed","ping_status":"open","sticky":false,"template":"","format":"standard","meta":{"_monsterinsights_skip_tracking":false,"_monsterinsights_sitenote_active":false,"_monsterinsights_sitenote_note":"","_monsterinsights_sitenote_category":0,"_uf_show_specific_survey":0,"_uf_disable_surveys":false,"footnotes":""},"categories":[976],"tags":[247,1085,1086,38,841],"class_list":["post-47838","post","type-post","status-publish","format-standard","hentry","category-noticias-em-destaque","tag-consolidacao-das-leis-do-trabalho","tag-deposito-recursal","tag-microempresas-individuais","tag-pdt","tag-ronaldo-lessa"],"acf":[],"_links":{"self":[{"href":"https:\/\/pdt-rj.org.br\/index.php\/wp-json\/wp\/v2\/posts\/47838","targetHints":{"allow":["GET"]}}],"collection":[{"href":"https:\/\/pdt-rj.org.br\/index.php\/wp-json\/wp\/v2\/posts"}],"about":[{"href":"https:\/\/pdt-rj.org.br\/index.php\/wp-json\/wp\/v2\/types\/post"}],"author":[{"embeddable":true,"href":"https:\/\/pdt-rj.org.br\/index.php\/wp-json\/wp\/v2\/users\/17"}],"replies":[{"embeddable":true,"href":"https:\/\/pdt-rj.org.br\/index.php\/wp-json\/wp\/v2\/comments?post=47838"}],"version-history":[{"count":1,"href":"https:\/\/pdt-rj.org.br\/index.php\/wp-json\/wp\/v2\/posts\/47838\/revisions"}],"predecessor-version":[{"id":56285,"href":"https:\/\/pdt-rj.org.br\/index.php\/wp-json\/wp\/v2\/posts\/47838\/revisions\/56285"}],"wp:attachment":[{"href":"https:\/\/pdt-rj.org.br\/index.php\/wp-json\/wp\/v2\/media?parent=47838"}],"wp:term":[{"taxonomy":"category","embeddable":true,"href":"https:\/\/pdt-rj.org.br\/index.php\/wp-json\/wp\/v2\/categories?post=47838"},{"taxonomy":"post_tag","embeddable":true,"href":"https:\/\/pdt-rj.org.br\/index.php\/wp-json\/wp\/v2\/tags?post=47838"}],"curies":[{"name":"wp","href":"https:\/\/api.w.org\/{rel}","templated":true}]}}