{"id":47837,"date":"2016-08-04T11:40:59","date_gmt":"2016-08-04T14:40:59","guid":{"rendered":"http:\/\/pdt-rj.org.br\/?p=46463"},"modified":"2017-10-26T09:07:55","modified_gmt":"2017-10-26T11:07:55","slug":"proposta-de-ariosto-holanda-proibe-interferencia-do-estado-em-atividades-religiosas","status":"publish","type":"post","link":"https:\/\/pdt-rj.org.br\/index.php\/proposta-de-ariosto-holanda-proibe-interferencia-do-estado-em-atividades-religiosas\/","title":{"rendered":"Proposta de Ariosto Holanda pro\u00edbe interfer\u00eancia do Estado em atividades religiosas"},"content":{"rendered":"<p><img loading=\"lazy\" decoding=\"async\" class=\"alignnone size-medium wp-image-46464 alignleft\" src=\"http:\/\/pdt-rj.org.br\/wp-content\/uploads\/2016\/08\/Ariosto-Arruda-CE-300x197.jpg\" alt=\"Ariosto Arruda - CE\" width=\"300\" height=\"197\" \/>Est\u00e1 pronta para Pauta na Comiss\u00e3o de Constitui\u00e7\u00e3o e Justi\u00e7a e de Cidadania da C\u00e2mara, o Projeto de Lei <a href=\"http:\/\/www.camara.gov.br\/proposicoesWeb\/fichadetramitacao?idProposicao=528378\">2756\/11<\/a> \u00a0assinada pelo deputado federal Vicente Arruda (PDT-CE) e outros parlamentares, que garante aos cl\u00e9rigos o exerc\u00edcio dos atos lit\u00fargicos em estrita conformidade com os ordenamentos religiosos. Ou seja, a atividade sacerdotal ficaria livre da interfer\u00eancia do Poder P\u00fablico.<\/p>\n<p>De acordo com os deputados, a separa\u00e7\u00e3o Igreja-Estado \u00e9 uma doutrina pol\u00edtica e legal, que estabelece que o governo e as institui\u00e7\u00f5es religiosas devam ser mantidos separados e independentes uns dos outros. Al\u00e9m disso, afirmam, que modernamente, a autonomia entre estas duas entidades \u00e9 reconhecida pelas constitui\u00e7\u00f5es da maioria dos Estados democr\u00e1ticos e, tamb\u00e9m, por diversos tratados internacionais.<\/p>\n<p>Os parlamentares lembram que, no Brasil, a separa\u00e7\u00e3o entre a Igreja e o Estado ocorreu em 7 de janeiro de 1890, pelo Decreto 119-A, de Rui Barbosa, e \u00e9 constitucionalmente consagrada desde a Constitui\u00e7\u00e3o de 1891.<\/p>\n<p>A proposta ser\u00e1 votada no Plen\u00e1rio da C\u00e2mara.<\/p>\n<!-- AddThis Advanced Settings generic via filter on the_content --><!-- AddThis Share Buttons generic via filter on the_content -->","protected":false},"excerpt":{"rendered":"<p>Est\u00e1 pronta para Pauta na Comiss\u00e3o de Constitui\u00e7\u00e3o e Justi\u00e7a e de Cidadania da C\u00e2mara, o Projeto de Lei 2756\/11 \u00a0assinada pelo deputado federal Vicente Arruda (PDT-CE) e outros parlamentares, que garante aos cl\u00e9rigos o exerc\u00edcio dos atos lit\u00fargicos em estrita conformidade com os ordenamentos religiosos. Ou seja, a atividade sacerdotal ficaria livre da interfer\u00eancia&#8230;<!-- AddThis Advanced Settings generic via filter on wp_trim_excerpt --><!-- AddThis Share Buttons generic via filter on wp_trim_excerpt --><\/p>\n","protected":false},"author":17,"featured_media":0,"comment_status":"closed","ping_status":"open","sticky":false,"template":"","format":"standard","meta":{"_monsterinsights_skip_tracking":false,"_monsterinsights_sitenote_active":false,"_monsterinsights_sitenote_note":"","_monsterinsights_sitenote_category":0,"_uf_show_specific_survey":0,"_uf_disable_surveys":false,"footnotes":""},"categories":[976],"tags":[1083,38,1084],"class_list":["post-47837","post","type-post","status-publish","format-standard","hentry","category-noticias-em-destaque","tag-atividade-sacerdotal","tag-pdt","tag-vicente-arruda"],"acf":[],"_links":{"self":[{"href":"https:\/\/pdt-rj.org.br\/index.php\/wp-json\/wp\/v2\/posts\/47837","targetHints":{"allow":["GET"]}}],"collection":[{"href":"https:\/\/pdt-rj.org.br\/index.php\/wp-json\/wp\/v2\/posts"}],"about":[{"href":"https:\/\/pdt-rj.org.br\/index.php\/wp-json\/wp\/v2\/types\/post"}],"author":[{"embeddable":true,"href":"https:\/\/pdt-rj.org.br\/index.php\/wp-json\/wp\/v2\/users\/17"}],"replies":[{"embeddable":true,"href":"https:\/\/pdt-rj.org.br\/index.php\/wp-json\/wp\/v2\/comments?post=47837"}],"version-history":[{"count":1,"href":"https:\/\/pdt-rj.org.br\/index.php\/wp-json\/wp\/v2\/posts\/47837\/revisions"}],"predecessor-version":[{"id":56286,"href":"https:\/\/pdt-rj.org.br\/index.php\/wp-json\/wp\/v2\/posts\/47837\/revisions\/56286"}],"wp:attachment":[{"href":"https:\/\/pdt-rj.org.br\/index.php\/wp-json\/wp\/v2\/media?parent=47837"}],"wp:term":[{"taxonomy":"category","embeddable":true,"href":"https:\/\/pdt-rj.org.br\/index.php\/wp-json\/wp\/v2\/categories?post=47837"},{"taxonomy":"post_tag","embeddable":true,"href":"https:\/\/pdt-rj.org.br\/index.php\/wp-json\/wp\/v2\/tags?post=47837"}],"curies":[{"name":"wp","href":"https:\/\/api.w.org\/{rel}","templated":true}]}}