{"id":47775,"date":"2016-09-05T18:43:17","date_gmt":"2016-09-05T21:43:17","guid":{"rendered":"http:\/\/pdt-rj.org.br\/?p=47775"},"modified":"2017-10-26T09:07:43","modified_gmt":"2017-10-26T11:07:43","slug":"projeto-de-mario-heringer-preve-que-atraso-no-pagamento-a-bolsistas-seja-corrigido-por-lei","status":"publish","type":"post","link":"https:\/\/pdt-rj.org.br\/index.php\/projeto-de-mario-heringer-preve-que-atraso-no-pagamento-a-bolsistas-seja-corrigido-por-lei\/","title":{"rendered":"Projeto de M\u00e1rio Heringer prev\u00ea que atraso no pagamento a bolsistas seja corrigido por lei"},"content":{"rendered":"<p><img loading=\"lazy\" decoding=\"async\" class=\"alignnone size-medium wp-image-47776 alignleft\" src=\"http:\/\/pdt-rj.org.br\/wp-content\/uploads\/2016\/09\/Deputado-Federal-M\u00e1rio-Heringer-300x199.jpg\" alt=\"Deputado Federal M\u00e1rio Heringer\" width=\"300\" height=\"199\" srcset=\"https:\/\/pdt-rj.org.br\/wp-content\/uploads\/2016\/09\/Deputado-Federal-M\u00e1rio-Heringer-300x199.jpg 300w, https:\/\/pdt-rj.org.br\/wp-content\/uploads\/2016\/09\/Deputado-Federal-M\u00e1rio-Heringer-100x66.jpg 100w, https:\/\/pdt-rj.org.br\/wp-content\/uploads\/2016\/09\/Deputado-Federal-M\u00e1rio-Heringer-136x90.jpg 136w, https:\/\/pdt-rj.org.br\/wp-content\/uploads\/2016\/09\/Deputado-Federal-M\u00e1rio-Heringer.jpg 640w\" sizes=\"auto, (max-width: 300px) 100vw, 300px\" \/>O deputado federal <strong><a href=\"https:\/\/www.facebook.com\/mario.heringer?fref=ts\">M\u00e1rio Heringer<\/a><\/strong> (PDT-MG) quer solucionar a quest\u00e3o do atraso de bolsas e aux\u00edlios concedidos com recursos p\u00fablicos nas \u00e1reas de ensino, extens\u00e3o, pesquisa, tecnologia, inova\u00e7\u00e3o, desenvolvimento, treinamento, produtividade e interc\u00e2mbio. \u00c9 o que determina o projeto de lei 6079\/16, de sua autoria, apresentado no dia 31\/08 na C\u00e2mara dos Deputados.<\/p>\n<p>De acordo com o PL do pedetista, haveria um limite de atraso toler\u00e1vel de at\u00e9 dez dias para o pagamento dos valores acordados. A partir desse prazo, os valores sofreriam um acr\u00e9scimo de 1% por dia de atraso, a ser pago juntamente com a parcela subsequente.<\/p>\n<p>Em sua justificativa, o parlamentar alega que, quando a bolsa \u00e9 implementada, ela passa a ser fonte de recurso do bolsista e n\u00e3o mera expectativa. Portanto, o atraso de uma \u00fanica parcela implica no inadimplemento de compromissos financeiros do bolsista que, por sua vez, ter\u00e1 que honr\u00e1-los com juros nos meses seguintes.<\/p>\n<p>Tendo em vista a hipossufici\u00eancia dos bolsistas \u2013 pessoas f\u00edsicas \u2013 com o projeto em quest\u00e3o, pretende-se indenizar os estudantes e pesquisadores pelos danos decorrentes da impontualidade da administra\u00e7\u00e3o p\u00fablica.<\/p>\n<p>O projeto prev\u00ea, no entanto, que n\u00e3o haver\u00e1 acr\u00e9scimo, caso o atraso tenha origem na a\u00e7\u00e3o ou omiss\u00e3o do benefici\u00e1rio ou de seu orientador. O pagamento da primeira parcela da bolsa ou as parcelas subsequentes \u00e0 sua renova\u00e7\u00e3o tamb\u00e9m n\u00e3o estariam sujeitas \u00e0s exig\u00eancias propostas.<\/p>\n<!-- AddThis Advanced Settings generic via filter on the_content --><!-- AddThis Share Buttons generic via filter on the_content -->","protected":false},"excerpt":{"rendered":"<p>O deputado federal M\u00e1rio Heringer (PDT-MG) quer solucionar a quest\u00e3o do atraso de bolsas e aux\u00edlios concedidos com recursos p\u00fablicos nas \u00e1reas de ensino, extens\u00e3o, pesquisa, tecnologia, inova\u00e7\u00e3o, desenvolvimento, treinamento, produtividade e interc\u00e2mbio. \u00c9 o que determina o projeto de lei 6079\/16, de sua autoria, apresentado no dia 31\/08 na C\u00e2mara dos Deputados. De acordo&#8230;<!-- AddThis Advanced Settings generic via filter on wp_trim_excerpt --><!-- AddThis Share Buttons generic via filter on wp_trim_excerpt --><\/p>\n","protected":false},"author":17,"featured_media":0,"comment_status":"closed","ping_status":"open","sticky":false,"template":"","format":"standard","meta":{"_monsterinsights_skip_tracking":false,"_monsterinsights_sitenote_active":false,"_monsterinsights_sitenote_note":"","_monsterinsights_sitenote_category":0,"_uf_show_specific_survey":0,"_uf_disable_surveys":false,"footnotes":""},"categories":[976],"tags":[1281,1282,1283,1175,38,1284],"class_list":["post-47775","post","type-post","status-publish","format-standard","hentry","category-noticias-em-destaque","tag-auxilios","tag-bolsas","tag-bolsistas","tag-mario-heringer","tag-pdt","tag-recursos-publicos"],"acf":[],"_links":{"self":[{"href":"https:\/\/pdt-rj.org.br\/index.php\/wp-json\/wp\/v2\/posts\/47775","targetHints":{"allow":["GET"]}}],"collection":[{"href":"https:\/\/pdt-rj.org.br\/index.php\/wp-json\/wp\/v2\/posts"}],"about":[{"href":"https:\/\/pdt-rj.org.br\/index.php\/wp-json\/wp\/v2\/types\/post"}],"author":[{"embeddable":true,"href":"https:\/\/pdt-rj.org.br\/index.php\/wp-json\/wp\/v2\/users\/17"}],"replies":[{"embeddable":true,"href":"https:\/\/pdt-rj.org.br\/index.php\/wp-json\/wp\/v2\/comments?post=47775"}],"version-history":[{"count":1,"href":"https:\/\/pdt-rj.org.br\/index.php\/wp-json\/wp\/v2\/posts\/47775\/revisions"}],"predecessor-version":[{"id":53585,"href":"https:\/\/pdt-rj.org.br\/index.php\/wp-json\/wp\/v2\/posts\/47775\/revisions\/53585"}],"wp:attachment":[{"href":"https:\/\/pdt-rj.org.br\/index.php\/wp-json\/wp\/v2\/media?parent=47775"}],"wp:term":[{"taxonomy":"category","embeddable":true,"href":"https:\/\/pdt-rj.org.br\/index.php\/wp-json\/wp\/v2\/categories?post=47775"},{"taxonomy":"post_tag","embeddable":true,"href":"https:\/\/pdt-rj.org.br\/index.php\/wp-json\/wp\/v2\/tags?post=47775"}],"curies":[{"name":"wp","href":"https:\/\/api.w.org\/{rel}","templated":true}]}}