{"id":47764,"date":"2016-09-05T14:50:41","date_gmt":"2016-09-05T17:50:41","guid":{"rendered":"http:\/\/pdt-rj.org.br\/?p=47764"},"modified":"2017-10-26T09:07:43","modified_gmt":"2017-10-26T11:07:43","slug":"roberto-claudio-firma-compromisso-com-direitos-da-primeira-infancia","status":"publish","type":"post","link":"https:\/\/pdt-rj.org.br\/index.php\/roberto-claudio-firma-compromisso-com-direitos-da-primeira-infancia\/","title":{"rendered":"Roberto Cl\u00e1udio firma compromisso com direitos da primeira inf\u00e2ncia"},"content":{"rendered":"<div id=\"yui_3_16_0_ym19_1_1473088840585_105778\"><img loading=\"lazy\" decoding=\"async\" class=\"alignnone size-medium wp-image-47765 alignleft\" src=\"http:\/\/pdt-rj.org.br\/wp-content\/uploads\/2016\/09\/05.09.16-Roberto-Cl\u00e1udio-2-300x200.jpg\" alt=\"direitos da primeira inf\u00e2ncia\" width=\"300\" height=\"200\" srcset=\"https:\/\/pdt-rj.org.br\/wp-content\/uploads\/2016\/09\/05.09.16-Roberto-Cl\u00e1udio-2-300x200.jpg 300w, https:\/\/pdt-rj.org.br\/wp-content\/uploads\/2016\/09\/05.09.16-Roberto-Cl\u00e1udio-2-100x67.jpg 100w, https:\/\/pdt-rj.org.br\/wp-content\/uploads\/2016\/09\/05.09.16-Roberto-Cl\u00e1udio-2-768x512.jpg 768w, https:\/\/pdt-rj.org.br\/wp-content\/uploads\/2016\/09\/05.09.16-Roberto-Cl\u00e1udio-2.jpg 1024w, https:\/\/pdt-rj.org.br\/wp-content\/uploads\/2016\/09\/05.09.16-Roberto-Cl\u00e1udio-2-135x90.jpg 135w\" sizes=\"auto, (max-width: 300px) 100vw, 300px\" \/>O prefeito Roberto Cl\u00e1udio (PDT), candidato \u00e0 reelei\u00e7\u00e3o pela coliga\u00e7\u00e3o \u201cFortaleza s\u00f3 tem a ganhar\u201d, participou, nesta segunda-feira (5),\u00a0da solenidade de assinatura da carta Prioridade da Primeira Inf\u00e2ncia\u00a0na sede da Procuradoria Geral de Justi\u00e7a (PGJ), no Centro.<\/div>\n<div>\u00a0<\/div>\n<div>O evento, promovido pela Rede Estadual da Primeira Inf\u00e2ncia (REPI-CE)\u00a0\u00a0em parceria com o Minist\u00e9rio P\u00fablico do Estado do Cear\u00e1 (MPCE),\u00a0teve como objetivo sensibilizar os candidatos a prefeito no atendimento aos direitos das crian\u00e7as, bem como na elabora\u00e7\u00e3o de um Plano Municipal pela Primeira Inf\u00e2ncia (PMPI).\u00a0<\/div>\n<div id=\"yui_3_16_0_ym19_1_1473088840585_105776\">\u00a0<\/div>\n<div id=\"yui_3_16_0_ym19_1_1473088840585_105774\">A primeira-dama de Fortaleza, Carol Bezerra, que est\u00e1 \u00e0 frente de v\u00e1rias a\u00e7\u00f5es em defesa dos direitos da crian\u00e7a, participou da solenidade. Muitas das propostas apresentadas pela REPI-CE para a primeira inf\u00e2ncia est\u00e3o em andamento ou j\u00e1 foram implantadas nos \u00faltimos tr\u00eas anos e meio pela atual gest\u00e3o. Fortaleza foi a primeira capital brasileira a instituir o Plano Municipal pela Primeira Inf\u00e2ncia, pelo prefeito Roberto Cl\u00e1udio.<\/div>\n<div id=\"yui_3_16_0_ym19_1_1473088840585_105859\">\u00a0<\/div>\n<div id=\"yui_3_16_0_ym19_1_1473088840585_105861\">O Prefeito destacou as prioridades da gest\u00e3o na defesa dos direitos das crian\u00e7as. &#8220;Estamos ampliando os Conselhos Tutelares. J\u00e1 reformamos cinco dos seis existentes e criamos mais duas sedes. Tudo para proteger e coibir eventuais ass\u00e9dios f\u00edsico e psicol\u00f3gico&#8221;, disse.<\/div>\n<div id=\"yui_3_16_0_ym19_1_1473088840585_105863\">\u00a0<\/div>\n<div id=\"yui_3_16_0_ym19_1_1473088840585_105865\">Roberto Cl\u00e1udio falou ainda do programa Cres\u00e7a com Seu Filho, iniciativa da Prefeitura de Fortaleza, juntamente com Minist\u00e9rio da Sa\u00fade, Universidade Federal do Cear\u00e1, Instituto da Primeira Inf\u00e2ncia e Banco Interamericano de Desenvolvimento.<\/div>\n<div>\u00a0<\/div>\n<div><img loading=\"lazy\" decoding=\"async\" class=\"alignnone size-medium wp-image-47766 alignright\" src=\"http:\/\/pdt-rj.org.br\/wp-content\/uploads\/2016\/09\/05.09.16-Roberto-Cl\u00e1udio-5-300x200.jpg\" alt=\"05.09.16 - Roberto Cl\u00e1udio (5)\" width=\"300\" height=\"200\" srcset=\"https:\/\/pdt-rj.org.br\/wp-content\/uploads\/2016\/09\/05.09.16-Roberto-Cl\u00e1udio-5-300x200.jpg 300w, https:\/\/pdt-rj.org.br\/wp-content\/uploads\/2016\/09\/05.09.16-Roberto-Cl\u00e1udio-5-100x67.jpg 100w, https:\/\/pdt-rj.org.br\/wp-content\/uploads\/2016\/09\/05.09.16-Roberto-Cl\u00e1udio-5-768x512.jpg 768w, https:\/\/pdt-rj.org.br\/wp-content\/uploads\/2016\/09\/05.09.16-Roberto-Cl\u00e1udio-5.jpg 1024w, https:\/\/pdt-rj.org.br\/wp-content\/uploads\/2016\/09\/05.09.16-Roberto-Cl\u00e1udio-5-135x90.jpg 135w\" sizes=\"auto, (max-width: 300px) 100vw, 300px\" \/>&#8220;Nesse Programa, desenvolvemos a\u00e7\u00f5es de preven\u00e7\u00e3o de doen\u00e7as, acompanhamento educacional e de assist\u00eancia social com gestantes e crian\u00e7as de zero a tr\u00eas anos&#8221;, explicou.<\/div>\n<div id=\"yui_3_16_0_ym19_1_1473088840585_105867\">\u00a0<\/div>\n<div id=\"yui_3_16_0_ym19_1_1473088840585_105869\">Nos \u00faltimos tr\u00eas anos e meio, a Prefeitura de Fortaleza tamb\u00e9m dobrou o n\u00famero de vagas em creches. Segundo o prefeito Roberto Cl\u00e1udio, outras seis mil vagas devem ser abertas nos pr\u00f3ximos quatro anos.<\/div>\n<div id=\"yui_3_16_0_ym19_1_1473088840585_105871\">\u00a0<\/div>\n<div><b>Parques infantis<\/b><\/div>\n<div>Ao todo, 130 parques infantis foram instalados nas pra\u00e7as de Fortaleza. A a\u00e7\u00e3o integra o projeto Pra\u00e7a Amiga da Crian\u00e7a, que garante lazer e entretenimento \u00e0 popula\u00e7\u00e3o.<\/div>\n<p>&nbsp;<\/p>\n<!-- AddThis Advanced Settings generic via filter on the_content --><!-- AddThis Share Buttons generic via filter on the_content -->","protected":false},"excerpt":{"rendered":"<p>O prefeito Roberto Cl\u00e1udio (PDT), candidato \u00e0 reelei\u00e7\u00e3o pela coliga\u00e7\u00e3o \u201cFortaleza s\u00f3 tem a ganhar\u201d, participou, nesta segunda-feira (5),\u00a0da solenidade de assinatura da carta Prioridade da Primeira Inf\u00e2ncia\u00a0na sede da Procuradoria Geral de Justi\u00e7a (PGJ), no Centro. \u00a0 O evento, promovido pela Rede Estadual da Primeira Inf\u00e2ncia (REPI-CE)\u00a0\u00a0em parceria com o Minist\u00e9rio P\u00fablico do Estado&#8230;<!-- AddThis Advanced Settings generic via filter on wp_trim_excerpt --><!-- AddThis Share Buttons generic via filter on wp_trim_excerpt --><\/p>\n","protected":false},"author":17,"featured_media":0,"comment_status":"closed","ping_status":"open","sticky":false,"template":"","format":"standard","meta":{"_monsterinsights_skip_tracking":false,"_monsterinsights_sitenote_active":false,"_monsterinsights_sitenote_note":"","_monsterinsights_sitenote_category":0,"_uf_show_specific_survey":0,"_uf_disable_surveys":false,"footnotes":""},"categories":[976],"tags":[1279,1071,38,1280,836],"class_list":["post-47764","post","type-post","status-publish","format-standard","hentry","category-noticias-em-destaque","tag-direitos-da-primeira-infancia","tag-fortaleza","tag-pdt","tag-plano-municipal-pela-primeira-infancia","tag-roberto-claudio"],"acf":[],"_links":{"self":[{"href":"https:\/\/pdt-rj.org.br\/index.php\/wp-json\/wp\/v2\/posts\/47764","targetHints":{"allow":["GET"]}}],"collection":[{"href":"https:\/\/pdt-rj.org.br\/index.php\/wp-json\/wp\/v2\/posts"}],"about":[{"href":"https:\/\/pdt-rj.org.br\/index.php\/wp-json\/wp\/v2\/types\/post"}],"author":[{"embeddable":true,"href":"https:\/\/pdt-rj.org.br\/index.php\/wp-json\/wp\/v2\/users\/17"}],"replies":[{"embeddable":true,"href":"https:\/\/pdt-rj.org.br\/index.php\/wp-json\/wp\/v2\/comments?post=47764"}],"version-history":[{"count":1,"href":"https:\/\/pdt-rj.org.br\/index.php\/wp-json\/wp\/v2\/posts\/47764\/revisions"}],"predecessor-version":[{"id":53587,"href":"https:\/\/pdt-rj.org.br\/index.php\/wp-json\/wp\/v2\/posts\/47764\/revisions\/53587"}],"wp:attachment":[{"href":"https:\/\/pdt-rj.org.br\/index.php\/wp-json\/wp\/v2\/media?parent=47764"}],"wp:term":[{"taxonomy":"category","embeddable":true,"href":"https:\/\/pdt-rj.org.br\/index.php\/wp-json\/wp\/v2\/categories?post=47764"},{"taxonomy":"post_tag","embeddable":true,"href":"https:\/\/pdt-rj.org.br\/index.php\/wp-json\/wp\/v2\/tags?post=47764"}],"curies":[{"name":"wp","href":"https:\/\/api.w.org\/{rel}","templated":true}]}}