{"id":47640,"date":"2016-08-31T18:02:00","date_gmt":"2016-08-31T21:02:00","guid":{"rendered":"http:\/\/pdt-rj.org.br\/?p=47640"},"modified":"2017-10-26T09:07:45","modified_gmt":"2017-10-26T11:07:45","slug":"nota-oficial","status":"publish","type":"post","link":"https:\/\/pdt-rj.org.br\/index.php\/nota-oficial\/","title":{"rendered":"Nota Oficial"},"content":{"rendered":"<p style=\"text-align: left;\"><strong>\u00a0\u00a0\u00a0\u00a0\u00a0\u00a0\u00a0\u00a0\u00a0\u00a0\u00a0 Neste 31 de agosto de 2016 a pol\u00edtica brasileira escreve mais um cap\u00edtulo sombrio na t\u00e3o jovem e combalida democracia do pa\u00eds. O golpe parlamentar sofrido pela presidenta Dilma Roussef, nesta tarde, atinge em cheio mais de 54 milh\u00f5es de brasileiros que fizeram a op\u00e7\u00e3o nas urnas por um projeto de governo voltado para as classes sociais menos favorecidas e pelo desenvolvimento.<\/strong><\/p>\n<p><strong>\u00a0\u00a0\u00a0\u00a0\u00a0\u00a0\u00a0\u00a0\u00a0\u00a0\u00a0 N\u00f3s, Trabalhistas, herdeiros de Vargas, Jango, Brizola e tanto outros nomes, sabemos na pele o que significa um ataque desta natureza. Vargas, em 54, atirou contra o cora\u00e7\u00e3o para evitar que a elite &#8211; a mesma de hoje &#8211; chegasse ao poder, retardando em 10 anos o golpe que Jango, em 64, sofreu.<\/strong><\/p>\n<p><strong>\u00a0\u00a0\u00a0\u00a0\u00a0\u00a0\u00a0\u00a0\u00a0\u00a0\u00a0 Os tempos s\u00e3o outros. Mas sabemos que as motiva\u00e7\u00f5es s\u00e3o as mesmas. A elite brasileira destila um discurso de \u00f3dio &#8211; disseminado por setores\u00a0 ultraconservadores da imprensa -, manipulando informa\u00e7\u00f5es, o tempo todo, para que privil\u00e9gios do tempo do Brasil col\u00f4nia continuem ditando a hierarquia das classes sociais em um pa\u00eds com mais de 200 milh\u00f5es de habitantes.<\/strong><\/p>\n<p style=\"text-align: left;\"><strong>\u00a0\u00a0\u00a0\u00a0\u00a0\u00a0\u00a0\u00a0\u00a0\u00a0\u00a0 Brizola uma vez me disse: a politicagem e a pol\u00edtica adulam e adoram a trai\u00e7\u00e3o. A hist\u00f3ria abomina.<\/strong><\/p>\n<p style=\"text-align: left;\"><strong>\u00a0\u00a0\u00a0\u00a0\u00a0\u00a0\u00a0\u00a0\u00a0\u00a0\u00a0 Diante deste golpe, na segunda quinzena de outubro, o Diret\u00f3rio Nacional do PDT ir\u00e1 se reunir para discutir os novos rumos pol\u00edticos e nosso posicionamento perante ao governo ileg\u00edtimo.\u00a0 Colocaremos em pauta, ainda, a situa\u00e7\u00e3o dos senadores do partido que votaram contra a decis\u00e3o majorit\u00e1ria, votada e aprovada do Diret\u00f3rio Nacional de se posicionar contra o Impeachment de Dilma Roussef.<\/strong><\/p>\n<p>&nbsp;<\/p>\n<p style=\"text-align: center;\"><strong>Bras\u00edlia, 31 de agosto de 2016<\/strong><\/p>\n<p style=\"text-align: center;\"><strong>Carlos Lupi<\/strong><\/p>\n<p style=\"text-align: center;\"><strong>Presidente da Executiva Nacional do PDT<\/strong><\/p>\n<!-- AddThis Advanced Settings generic via filter on the_content --><!-- AddThis Share Buttons generic via filter on the_content -->","protected":false},"excerpt":{"rendered":"<p>\u00a0\u00a0\u00a0\u00a0\u00a0\u00a0\u00a0\u00a0\u00a0\u00a0\u00a0 Neste 31 de agosto de 2016 a pol\u00edtica brasileira escreve mais um cap\u00edtulo sombrio na t\u00e3o jovem e combalida democracia do pa\u00eds. O golpe parlamentar sofrido pela presidenta Dilma Roussef, nesta tarde, atinge em cheio mais de 54 milh\u00f5es de brasileiros que fizeram a op\u00e7\u00e3o nas urnas por um projeto de governo voltado para&#8230;<!-- AddThis Advanced Settings generic via filter on wp_trim_excerpt --><!-- AddThis Share Buttons generic via filter on wp_trim_excerpt --><\/p>\n","protected":false},"author":17,"featured_media":0,"comment_status":"closed","ping_status":"open","sticky":false,"template":"","format":"standard","meta":{"_monsterinsights_skip_tracking":false,"_monsterinsights_sitenote_active":false,"_monsterinsights_sitenote_note":"","_monsterinsights_sitenote_category":0,"_uf_show_specific_survey":0,"_uf_disable_surveys":false,"footnotes":""},"categories":[976],"tags":[179,196,287,10,1253,513,1254,38,1255,1256,1257],"class_list":["post-47640","post","type-post","status-publish","format-standard","hentry","category-noticias-em-destaque","tag-brizola","tag-carlos-lupi","tag-democracia","tag-golpe","tag-herdeiros","tag-jango","tag-nota-oficial","tag-pdt","tag-trabalhistas","tag-ultraconservadores-da-imprensa","tag-vargas"],"acf":[],"_links":{"self":[{"href":"https:\/\/pdt-rj.org.br\/index.php\/wp-json\/wp\/v2\/posts\/47640","targetHints":{"allow":["GET"]}}],"collection":[{"href":"https:\/\/pdt-rj.org.br\/index.php\/wp-json\/wp\/v2\/posts"}],"about":[{"href":"https:\/\/pdt-rj.org.br\/index.php\/wp-json\/wp\/v2\/types\/post"}],"author":[{"embeddable":true,"href":"https:\/\/pdt-rj.org.br\/index.php\/wp-json\/wp\/v2\/users\/17"}],"replies":[{"embeddable":true,"href":"https:\/\/pdt-rj.org.br\/index.php\/wp-json\/wp\/v2\/comments?post=47640"}],"version-history":[{"count":1,"href":"https:\/\/pdt-rj.org.br\/index.php\/wp-json\/wp\/v2\/posts\/47640\/revisions"}],"predecessor-version":[{"id":56206,"href":"https:\/\/pdt-rj.org.br\/index.php\/wp-json\/wp\/v2\/posts\/47640\/revisions\/56206"}],"wp:attachment":[{"href":"https:\/\/pdt-rj.org.br\/index.php\/wp-json\/wp\/v2\/media?parent=47640"}],"wp:term":[{"taxonomy":"category","embeddable":true,"href":"https:\/\/pdt-rj.org.br\/index.php\/wp-json\/wp\/v2\/categories?post=47640"},{"taxonomy":"post_tag","embeddable":true,"href":"https:\/\/pdt-rj.org.br\/index.php\/wp-json\/wp\/v2\/tags?post=47640"}],"curies":[{"name":"wp","href":"https:\/\/api.w.org\/{rel}","templated":true}]}}