{"id":47632,"date":"2016-08-31T11:57:40","date_gmt":"2016-08-31T14:57:40","guid":{"rendered":"http:\/\/pdt-rj.org.br\/?p=47632"},"modified":"2017-10-26T09:07:45","modified_gmt":"2017-10-26T11:07:45","slug":"secretario-mario-heringer-recebe-embaixador-da-turquia-na-camara","status":"publish","type":"post","link":"https:\/\/pdt-rj.org.br\/index.php\/secretario-mario-heringer-recebe-embaixador-da-turquia-na-camara\/","title":{"rendered":"Secret\u00e1rio M\u00e1rio Heringer recebe embaixador da Turquia na C\u00e2mara"},"content":{"rendered":"<p><img loading=\"lazy\" decoding=\"async\" class=\"alignnone size-medium wp-image-47633 alignleft\" src=\"http:\/\/pdt-rj.org.br\/wp-content\/uploads\/2016\/08\/M\u00e1rio-Heringer-recebe-embaixador-da-Turquia-na-Secretaria-de-Rela\u00e7\u00f5es-Internacionais-da-C\u00e2mara-300x200.jpg\" alt=\"M\u00e1rio Heringer recebe embaixador da Turquia na Secretaria de Rela\u00e7\u00f5es Internacionais da C\u00e2mara\" width=\"300\" height=\"200\" srcset=\"https:\/\/pdt-rj.org.br\/wp-content\/uploads\/2016\/08\/M\u00e1rio-Heringer-recebe-embaixador-da-Turquia-na-Secretaria-de-Rela\u00e7\u00f5es-Internacionais-da-C\u00e2mara-300x200.jpg 300w, https:\/\/pdt-rj.org.br\/wp-content\/uploads\/2016\/08\/M\u00e1rio-Heringer-recebe-embaixador-da-Turquia-na-Secretaria-de-Rela\u00e7\u00f5es-Internacionais-da-C\u00e2mara-100x67.jpg 100w, https:\/\/pdt-rj.org.br\/wp-content\/uploads\/2016\/08\/M\u00e1rio-Heringer-recebe-embaixador-da-Turquia-na-Secretaria-de-Rela\u00e7\u00f5es-Internacionais-da-C\u00e2mara-768x511.jpg 768w, https:\/\/pdt-rj.org.br\/wp-content\/uploads\/2016\/08\/M\u00e1rio-Heringer-recebe-embaixador-da-Turquia-na-Secretaria-de-Rela\u00e7\u00f5es-Internacionais-da-C\u00e2mara.jpg 1024w, https:\/\/pdt-rj.org.br\/wp-content\/uploads\/2016\/08\/M\u00e1rio-Heringer-recebe-embaixador-da-Turquia-na-Secretaria-de-Rela\u00e7\u00f5es-Internacionais-da-C\u00e2mara-135x90.jpg 135w\" sizes=\"auto, (max-width: 300px) 100vw, 300px\" \/>O Secret\u00e1rio de Rela\u00e7\u00f5es Internacionais da C\u00e2mara dos Deputados, deputado M\u00e1rio Heringer (PDT-MG), recebeu a visita do embaixador da Turquia, H\u00fcseyin Lazip Diri\u00f6z, nesta ter\u00e7a-feira (30). A conversa girou em torno dos acontecimentos de 15 de julho, quando ocorreu a tentativa de golpe para depor o presidente Recep Tayyip Erdogan, e de como o pa\u00eds se encontra neste momento.<\/p>\n<p>O embaixador fez um breve relato dos aspectos hist\u00f3ricos e religiosos, que estariam por tr\u00e1s dos eventos de julho e falou sobre as medidas que t\u00eam sido tomadas para manter a paz e a estabilidade das institui\u00e7\u00f5es e para que os dissidentes tenham seus direitos respeitados.<\/p>\n<p>Segundo Diri\u00f6z, este aspecto da legalidade tem sido acompanhado com especial interesse pela Europa e pelos Estados Unidos o que, segundo o embaixador, respalda ainda mais o compromisso do governo turco em reestabelecer a tranquilidade do pa\u00eds.<\/p>\n<p>A esse respeito, o embaixador citou a visita feita no dia 24 de julho, pelo vice-presidente, Joe Biden, que levou ao povo da Turquia o apoio do governo norte-americano.<\/p>\n<p>O Secret\u00e1rio M\u00e1rio Heringer externou ao embaixador sua satisfa\u00e7\u00e3o em saber que a situa\u00e7\u00e3o do pa\u00eds est\u00e1 sob controle e que l\u00e1 n\u00e3o ocorreu o que aconteceu no Egito e na S\u00edria, pa\u00edses nos quais a popula\u00e7\u00e3o civil tem sofrido com os conflitos internos. Satisfa\u00e7\u00e3o principalmente de ouvir sobre o esfor\u00e7o do governo turco em garantir a estabilidade e a seguran\u00e7a de seu povo.<\/p>\n<p>Por fim, tanto o Secret\u00e1rio, quanto o embaixador reafirmaram os interesses que Turquia e Brasil t\u00eam em manter as rela\u00e7\u00f5es hist\u00f3ricas entre as duas na\u00e7\u00f5es.<\/p>\n<p>&nbsp;<\/p>\n<!-- AddThis Advanced Settings generic via filter on the_content --><!-- AddThis Share Buttons generic via filter on the_content -->","protected":false},"excerpt":{"rendered":"<p>O Secret\u00e1rio de Rela\u00e7\u00f5es Internacionais da C\u00e2mara dos Deputados, deputado M\u00e1rio Heringer (PDT-MG), recebeu a visita do embaixador da Turquia, H\u00fcseyin Lazip Diri\u00f6z, nesta ter\u00e7a-feira (30). A conversa girou em torno dos acontecimentos de 15 de julho, quando ocorreu a tentativa de golpe para depor o presidente Recep Tayyip Erdogan, e de como o pa\u00eds&#8230;<!-- AddThis Advanced Settings generic via filter on wp_trim_excerpt --><!-- AddThis Share Buttons generic via filter on wp_trim_excerpt --><\/p>\n","protected":false},"author":17,"featured_media":0,"comment_status":"closed","ping_status":"open","sticky":false,"template":"","format":"standard","meta":{"_monsterinsights_skip_tracking":false,"_monsterinsights_sitenote_active":false,"_monsterinsights_sitenote_note":"","_monsterinsights_sitenote_category":0,"_uf_show_specific_survey":0,"_uf_disable_surveys":false,"footnotes":""},"categories":[976],"tags":[1247,1248,1175,38,1249],"class_list":["post-47632","post","type-post","status-publish","format-standard","hentry","category-noticias-em-destaque","tag-embaixador-da-turquia","tag-huseyin-lazip-dirioz","tag-mario-heringer","tag-pdt","tag-recep-tayyip-erdogan"],"acf":[],"_links":{"self":[{"href":"https:\/\/pdt-rj.org.br\/index.php\/wp-json\/wp\/v2\/posts\/47632","targetHints":{"allow":["GET"]}}],"collection":[{"href":"https:\/\/pdt-rj.org.br\/index.php\/wp-json\/wp\/v2\/posts"}],"about":[{"href":"https:\/\/pdt-rj.org.br\/index.php\/wp-json\/wp\/v2\/types\/post"}],"author":[{"embeddable":true,"href":"https:\/\/pdt-rj.org.br\/index.php\/wp-json\/wp\/v2\/users\/17"}],"replies":[{"embeddable":true,"href":"https:\/\/pdt-rj.org.br\/index.php\/wp-json\/wp\/v2\/comments?post=47632"}],"version-history":[{"count":1,"href":"https:\/\/pdt-rj.org.br\/index.php\/wp-json\/wp\/v2\/posts\/47632\/revisions"}],"predecessor-version":[{"id":56207,"href":"https:\/\/pdt-rj.org.br\/index.php\/wp-json\/wp\/v2\/posts\/47632\/revisions\/56207"}],"wp:attachment":[{"href":"https:\/\/pdt-rj.org.br\/index.php\/wp-json\/wp\/v2\/media?parent=47632"}],"wp:term":[{"taxonomy":"category","embeddable":true,"href":"https:\/\/pdt-rj.org.br\/index.php\/wp-json\/wp\/v2\/categories?post=47632"},{"taxonomy":"post_tag","embeddable":true,"href":"https:\/\/pdt-rj.org.br\/index.php\/wp-json\/wp\/v2\/tags?post=47632"}],"curies":[{"name":"wp","href":"https:\/\/api.w.org\/{rel}","templated":true}]}}