{"id":47611,"date":"2016-08-30T15:20:02","date_gmt":"2016-08-30T18:20:02","guid":{"rendered":"http:\/\/pdt-rj.org.br\/?p=47611"},"modified":"2016-08-30T15:20:02","modified_gmt":"2016-08-30T18:20:02","slug":"lupi-fala-aos-brasileiros-sobre-o-processo-de-impeachment","status":"publish","type":"post","link":"https:\/\/pdt-rj.org.br\/index.php\/lupi-fala-aos-brasileiros-sobre-o-processo-de-impeachment\/","title":{"rendered":"Lupi fala aos brasileiros sobre o processo de Impeachment"},"content":{"rendered":"<p>O presidente nacional do PDT, Carlos Lupi, foi convidado pela Presidenta Dilma Rousseff para acompanhar sua defesa no Senado nesta ter\u00e7a-feira (30).\u00a0Ao fim da sess\u00e3o, Lupi gravou um recado a todos os brasileiros, mais uma vez, comprovando que o atual processo pol\u00edtico \u00e9 comandado por pol\u00edticos sem escr\u00fapulos, que agridem a Constitui\u00e7\u00e3o brasileira e d\u00e3o um golpe na democracia.<\/p>\n<p>Veja o recado de Lupi:<\/p>\n<p><iframe loading=\"lazy\" title=\"Carlos Lupi - Vota\u00e7\u00e3o Impeachment Senado\" width=\"640\" height=\"360\" src=\"https:\/\/www.youtube.com\/embed\/go98iynbiVo?feature=oembed\" frameborder=\"0\" allow=\"accelerometer; autoplay; clipboard-write; encrypted-media; gyroscope; picture-in-picture; web-share\" referrerpolicy=\"strict-origin-when-cross-origin\" allowfullscreen><\/iframe><\/p>\n<p>&nbsp;<\/p>\n<!-- AddThis Advanced Settings generic via filter on the_content --><!-- AddThis Share Buttons generic via filter on the_content -->","protected":false},"excerpt":{"rendered":"<p>O presidente nacional do PDT, Carlos Lupi, foi convidado pela Presidenta Dilma Rousseff para acompanhar sua defesa no Senado nesta ter\u00e7a-feira (30).\u00a0Ao fim da sess\u00e3o, Lupi gravou um recado a todos os brasileiros, mais uma vez, comprovando que o atual processo pol\u00edtico \u00e9 comandado por pol\u00edticos sem escr\u00fapulos, que agridem a Constitui\u00e7\u00e3o brasileira e d\u00e3o&#8230;<!-- AddThis Advanced Settings generic via filter on wp_trim_excerpt --><!-- AddThis Share Buttons generic via filter on wp_trim_excerpt --><\/p>\n","protected":false},"author":17,"featured_media":0,"comment_status":"closed","ping_status":"open","sticky":false,"template":"","format":"standard","meta":{"_monsterinsights_skip_tracking":false,"_monsterinsights_sitenote_active":false,"_monsterinsights_sitenote_note":"","_monsterinsights_sitenote_category":0,"_uf_show_specific_survey":0,"_uf_disable_surveys":false,"footnotes":""},"categories":[1401],"tags":[196,23,24,38,869],"class_list":["post-47611","post","type-post","status-publish","format-standard","hentry","category-nacional","tag-carlos-lupi","tag-dilma-rousseff","tag-impeachment","tag-pdt","tag-senado"],"acf":[],"_links":{"self":[{"href":"https:\/\/pdt-rj.org.br\/index.php\/wp-json\/wp\/v2\/posts\/47611","targetHints":{"allow":["GET"]}}],"collection":[{"href":"https:\/\/pdt-rj.org.br\/index.php\/wp-json\/wp\/v2\/posts"}],"about":[{"href":"https:\/\/pdt-rj.org.br\/index.php\/wp-json\/wp\/v2\/types\/post"}],"author":[{"embeddable":true,"href":"https:\/\/pdt-rj.org.br\/index.php\/wp-json\/wp\/v2\/users\/17"}],"replies":[{"embeddable":true,"href":"https:\/\/pdt-rj.org.br\/index.php\/wp-json\/wp\/v2\/comments?post=47611"}],"version-history":[{"count":0,"href":"https:\/\/pdt-rj.org.br\/index.php\/wp-json\/wp\/v2\/posts\/47611\/revisions"}],"wp:attachment":[{"href":"https:\/\/pdt-rj.org.br\/index.php\/wp-json\/wp\/v2\/media?parent=47611"}],"wp:term":[{"taxonomy":"category","embeddable":true,"href":"https:\/\/pdt-rj.org.br\/index.php\/wp-json\/wp\/v2\/categories?post=47611"},{"taxonomy":"post_tag","embeddable":true,"href":"https:\/\/pdt-rj.org.br\/index.php\/wp-json\/wp\/v2\/tags?post=47611"}],"curies":[{"name":"wp","href":"https:\/\/api.w.org\/{rel}","templated":true}]}}