{"id":47608,"date":"2016-08-30T12:03:26","date_gmt":"2016-08-30T15:03:26","guid":{"rendered":"http:\/\/pdt-rj.org.br\/?p=47608"},"modified":"2017-10-26T09:07:45","modified_gmt":"2017-10-26T11:07:45","slug":"felix-junior-propoe-cpi-para-investigar-carteis-no-setor-de-combustiveis","status":"publish","type":"post","link":"https:\/\/pdt-rj.org.br\/index.php\/felix-junior-propoe-cpi-para-investigar-carteis-no-setor-de-combustiveis\/","title":{"rendered":"F\u00e9lix J\u00fanior prop\u00f5e CPI para investigar cart\u00e9is no setor de combust\u00edveis"},"content":{"rendered":"<p><img loading=\"lazy\" decoding=\"async\" class=\"size-medium wp-image-47609 alignleft\" src=\"http:\/\/pdt-rj.org.br\/wp-content\/uploads\/2016\/08\/F\u00e9lix-Mendon\u00e7a-Jr-9-1024x671-300x197.jpg\" alt=\"F\u00e9lix-Mendon\u00e7a-Jr-9-1024x671\" width=\"300\" height=\"197\" srcset=\"https:\/\/pdt-rj.org.br\/wp-content\/uploads\/2016\/08\/F\u00e9lix-Mendon\u00e7a-Jr-9-1024x671-300x197.jpg 300w, https:\/\/pdt-rj.org.br\/wp-content\/uploads\/2016\/08\/F\u00e9lix-Mendon\u00e7a-Jr-9-1024x671-100x66.jpg 100w, https:\/\/pdt-rj.org.br\/wp-content\/uploads\/2016\/08\/F\u00e9lix-Mendon\u00e7a-Jr-9-1024x671-768x503.jpg 768w, https:\/\/pdt-rj.org.br\/wp-content\/uploads\/2016\/08\/F\u00e9lix-Mendon\u00e7a-Jr-9-1024x671.jpg 1024w, https:\/\/pdt-rj.org.br\/wp-content\/uploads\/2016\/08\/F\u00e9lix-Mendon\u00e7a-Jr-9-1024x671-137x90.jpg 137w\" sizes=\"auto, (max-width: 300px) 100vw, 300px\" \/>O deputado F\u00e9lix Mendon\u00e7a J\u00fanior (PDT-BA) \u00e9 o autor do Projeto de Resolu\u00e7\u00e3o <a href=\"http:\/\/www.camara.gov.br\/proposicoesWeb\/fichadetramitacao?idProposicao=2080236\">132\/16<\/a>, em an\u00e1lise na C\u00e2mara, que pede a cria\u00e7\u00e3o de uma comiss\u00e3o parlamentar de inqu\u00e9rito (CPI) para investigar a forma\u00e7\u00e3o de cart\u00e9is no setor de produ\u00e7\u00e3o e distribui\u00e7\u00e3o de combust\u00edveis.<\/p>\n<p>Conforme a proposta, a CPI investigaria den\u00fancias, a partir de 2014, referentes \u00e0 composi\u00e7\u00e3o dos pre\u00e7os de venda e impostos nas refinarias e nas distribuidoras, resultando em pre\u00e7os abusivos ao consumidor final; \u00e0 reserva de mercado; \u00e0 adultera\u00e7\u00e3o de combust\u00edveis e \u00e0 sonega\u00e7\u00e3o fiscal, entre\u00a0outras irregularidades.<\/p>\n<p>\u201cDefinido como utilidade p\u00fablica, o setor de produ\u00e7\u00e3o, distribui\u00e7\u00e3o e revenda de combust\u00edveis e derivados de petr\u00f3leo \u00e9 o segmento com o maior n\u00famero de den\u00fancias. Em setembro de 2009, havia mais de 150 investiga\u00e7\u00f5es em andamento na Secretaria de Direito Econ\u00f4mico do Minist\u00e9rio da Justi\u00e7a (SDE). Al\u00e9m disso, a SDE recebe em m\u00e9dia quatro den\u00fancias por semana sobre cartel na revenda de combust\u00edveis\u201d, observa F\u00e9lix\u00a0Jr.<\/p>\n<p>Se criada, a CPI ter\u00e1 prazo de 120 dias, prorrog\u00e1vel por mais 60, para concluir seus trabalhos. Os recursos administrativos e o assessoramento necess\u00e1rios ao funcionamento da comiss\u00e3o ser\u00e3o providos pelos \u00f3rg\u00e3os da C\u00e2mara. Tamb\u00e9m as despesas correr\u00e3o \u00e0 conta do or\u00e7amento da Casa.<\/p>\n<p>O projeto ser\u00e1 analisado pelas comiss\u00f5es de Desenvolvimento Econ\u00f4mico, Ind\u00fastria, Com\u00e9rcio e Servi\u00e7os; e de Constitui\u00e7\u00e3o e Justi\u00e7a e de Cidadania, antes de ser votado pelo Plen\u00e1rio.<\/p>\n<!-- AddThis Advanced Settings generic via filter on the_content --><!-- AddThis Share Buttons generic via filter on the_content -->","protected":false},"excerpt":{"rendered":"<p>O deputado F\u00e9lix Mendon\u00e7a J\u00fanior (PDT-BA) \u00e9 o autor do Projeto de Resolu\u00e7\u00e3o 132\/16, em an\u00e1lise na C\u00e2mara, que pede a cria\u00e7\u00e3o de uma comiss\u00e3o parlamentar de inqu\u00e9rito (CPI) para investigar a forma\u00e7\u00e3o de cart\u00e9is no setor de produ\u00e7\u00e3o e distribui\u00e7\u00e3o de combust\u00edveis. Conforme a proposta, a CPI investigaria den\u00fancias, a partir de 2014, referentes&#8230;<!-- AddThis Advanced Settings generic via filter on wp_trim_excerpt --><!-- AddThis Share Buttons generic via filter on wp_trim_excerpt --><\/p>\n","protected":false},"author":17,"featured_media":0,"comment_status":"closed","ping_status":"open","sticky":false,"template":"","format":"standard","meta":{"_monsterinsights_skip_tracking":false,"_monsterinsights_sitenote_active":false,"_monsterinsights_sitenote_note":"","_monsterinsights_sitenote_category":0,"_uf_show_specific_survey":0,"_uf_disable_surveys":false,"footnotes":""},"categories":[976],"tags":[1241,390,38,1242,1243],"class_list":["post-47608","post","type-post","status-publish","format-standard","hentry","category-noticias-em-destaque","tag-felix-junior-propoe-investigar-carteis-no-setor-de-combustiveis","tag-felix-mendonca","tag-pdt","tag-sde","tag-secretaria-de-direito-economico-do-ministerio-da-justica"],"acf":[],"_links":{"self":[{"href":"https:\/\/pdt-rj.org.br\/index.php\/wp-json\/wp\/v2\/posts\/47608","targetHints":{"allow":["GET"]}}],"collection":[{"href":"https:\/\/pdt-rj.org.br\/index.php\/wp-json\/wp\/v2\/posts"}],"about":[{"href":"https:\/\/pdt-rj.org.br\/index.php\/wp-json\/wp\/v2\/types\/post"}],"author":[{"embeddable":true,"href":"https:\/\/pdt-rj.org.br\/index.php\/wp-json\/wp\/v2\/users\/17"}],"replies":[{"embeddable":true,"href":"https:\/\/pdt-rj.org.br\/index.php\/wp-json\/wp\/v2\/comments?post=47608"}],"version-history":[{"count":1,"href":"https:\/\/pdt-rj.org.br\/index.php\/wp-json\/wp\/v2\/posts\/47608\/revisions"}],"predecessor-version":[{"id":56209,"href":"https:\/\/pdt-rj.org.br\/index.php\/wp-json\/wp\/v2\/posts\/47608\/revisions\/56209"}],"wp:attachment":[{"href":"https:\/\/pdt-rj.org.br\/index.php\/wp-json\/wp\/v2\/media?parent=47608"}],"wp:term":[{"taxonomy":"category","embeddable":true,"href":"https:\/\/pdt-rj.org.br\/index.php\/wp-json\/wp\/v2\/categories?post=47608"},{"taxonomy":"post_tag","embeddable":true,"href":"https:\/\/pdt-rj.org.br\/index.php\/wp-json\/wp\/v2\/tags?post=47608"}],"curies":[{"name":"wp","href":"https:\/\/api.w.org\/{rel}","templated":true}]}}