{"id":47587,"date":"2016-08-29T16:37:57","date_gmt":"2016-08-29T19:37:57","guid":{"rendered":"http:\/\/pdt-rj.org.br\/?p=47587"},"modified":"2017-10-26T09:07:45","modified_gmt":"2017-10-26T11:07:45","slug":"roberto-claudio-apresenta-avancos-na-saude-de-fortaleza-em-evento-no-sindicato-dos-medicos","status":"publish","type":"post","link":"https:\/\/pdt-rj.org.br\/index.php\/roberto-claudio-apresenta-avancos-na-saude-de-fortaleza-em-evento-no-sindicato-dos-medicos\/","title":{"rendered":"Roberto Cl\u00e1udio apresenta avan\u00e7os na sa\u00fade de Fortaleza em evento no Sindicato dos M\u00e9dicos"},"content":{"rendered":"<p><img loading=\"lazy\" decoding=\"async\" class=\"alignnone size-medium wp-image-47588 alignleft\" src=\"http:\/\/pdt-rj.org.br\/wp-content\/uploads\/2016\/08\/29.08.16-Roberto-Cl\u00e1udio-Sindicato-dos-M\u00e9dicos-1-300x200.jpg\" alt=\"29.08.16 - Roberto Cl\u00e1udio - Sindicato dos M\u00e9dicos (1)\" width=\"300\" height=\"200\" srcset=\"https:\/\/pdt-rj.org.br\/wp-content\/uploads\/2016\/08\/29.08.16-Roberto-Cl\u00e1udio-Sindicato-dos-M\u00e9dicos-1-300x200.jpg 300w, https:\/\/pdt-rj.org.br\/wp-content\/uploads\/2016\/08\/29.08.16-Roberto-Cl\u00e1udio-Sindicato-dos-M\u00e9dicos-1-100x67.jpg 100w, https:\/\/pdt-rj.org.br\/wp-content\/uploads\/2016\/08\/29.08.16-Roberto-Cl\u00e1udio-Sindicato-dos-M\u00e9dicos-1-768x512.jpg 768w, https:\/\/pdt-rj.org.br\/wp-content\/uploads\/2016\/08\/29.08.16-Roberto-Cl\u00e1udio-Sindicato-dos-M\u00e9dicos-1.jpg 1024w, https:\/\/pdt-rj.org.br\/wp-content\/uploads\/2016\/08\/29.08.16-Roberto-Cl\u00e1udio-Sindicato-dos-M\u00e9dicos-1-135x90.jpg 135w\" sizes=\"auto, (max-width: 300px) 100vw, 300px\" \/>O prefeito Roberto Cl\u00e1udio, candidato \u00e0 reelei\u00e7\u00e3o pela coliga\u00e7\u00e3o \u201cFortaleza s\u00f3 tem a ganhar\u201d, participou, nesta segunda-feira (29), de encontro no Sindicato dos M\u00e9dicos do Estado do Cear\u00e1, onde apresentou os diversos avan\u00e7os que Fortaleza teve na \u00e1rea da sa\u00fade.<\/p>\n<p>Na ocasi\u00e3o, os representantes do Sindicato dos M\u00e9dicos, da Associa\u00e7\u00e3o M\u00e9dica Cearense (AMC) e do Conselho Regional de Medicina entregaram ao prefeito Roberto Cl\u00e1udio e aos demais candidatos presentes um manifesto com reivindica\u00e7\u00f5es para a \u00e1rea m\u00e9dica.<\/p>\n<p>Roberto Cl\u00e1udio destacou que a sa\u00fade \u00e9 um tema delicado, que precisa ser tratado sem demagogia. O Prefeito defendeu que um dos gargalos do setor ainda \u00e9 a quest\u00e3o do financiamento.<\/p>\n<p>\u201c\u00c9 um equ\u00edvoco achar que, a despeito do Munic\u00edpio estar gastando muito em sa\u00fade, o dinheiro \u00e9 suficiente. O problema \u00e9 sim de oferta. N\u00e3o podemos negar que h\u00e1 necessidade de mais recursos, principalmente federal, para o financiamento da \u00e1rea\u201d, defendeu, lembrando que 85% dos fortalezenses dependem exclusivamente do Sistema \u00danico de Sa\u00fade (SUS).<\/p>\n<p>O Prefeito ressaltou que, nos \u00faltimos tr\u00eas anos e meio, a oferta de servi\u00e7os de sa\u00fade foi ampliada em Fortaleza, com a constru\u00e7\u00e3o de 18 novos postos de sa\u00fade, reforma de outros 66, cinco novas Unidades de Pronto Atendimento (UPAs), uma policl\u00ednica no Jangurussu, duplica\u00e7\u00e3o do atendimento do Programa Sa\u00fade da Fam\u00edlia de 30% para 62% de cobertura, e amplia\u00e7\u00e3o da rede hospitalar em mais 450 leitos.<\/p>\n<p><img loading=\"lazy\" decoding=\"async\" class=\"alignnone size-medium wp-image-47589 alignright\" src=\"http:\/\/pdt-rj.org.br\/wp-content\/uploads\/2016\/08\/29.08.16-Roberto-Cl\u00e1udio-Sindicato-dos-M\u00e9dicos-300x225.jpg\" alt=\"29.08.16 - Roberto Cl\u00e1udio - Sindicato dos M\u00e9dicos\" width=\"300\" height=\"225\" srcset=\"https:\/\/pdt-rj.org.br\/wp-content\/uploads\/2016\/08\/29.08.16-Roberto-Cl\u00e1udio-Sindicato-dos-M\u00e9dicos-300x225.jpg 300w, https:\/\/pdt-rj.org.br\/wp-content\/uploads\/2016\/08\/29.08.16-Roberto-Cl\u00e1udio-Sindicato-dos-M\u00e9dicos-100x75.jpg 100w, https:\/\/pdt-rj.org.br\/wp-content\/uploads\/2016\/08\/29.08.16-Roberto-Cl\u00e1udio-Sindicato-dos-M\u00e9dicos-768x576.jpg 768w, https:\/\/pdt-rj.org.br\/wp-content\/uploads\/2016\/08\/29.08.16-Roberto-Cl\u00e1udio-Sindicato-dos-M\u00e9dicos.jpg 1024w, https:\/\/pdt-rj.org.br\/wp-content\/uploads\/2016\/08\/29.08.16-Roberto-Cl\u00e1udio-Sindicato-dos-M\u00e9dicos-120x90.jpg 120w\" sizes=\"auto, (max-width: 300px) 100vw, 300px\" \/>Al\u00e9m disso, foram implantados protocolos de doen\u00e7as cr\u00f4nicas, para fazer o trabalho preventivo, e houve redu\u00e7\u00e3o pela metade da mortalidade materna.<\/p>\n<p>Roberto Cl\u00e1udio destacou ainda que todos os gestores das unidades de sa\u00fade do munic\u00edpio foram contratados por sele\u00e7\u00e3o p\u00fablica, acabando \u201ccom uma pr\u00e1tica nefasta que ocorria na sa\u00fade de Fortaleza que era a contamina\u00e7\u00e3o da pior politicagem na escolha dos gestores\u201d. O gestor afirmou que houve tamb\u00e9m a contrata\u00e7\u00e3o de 117 m\u00e9dicos por concurso p\u00fablico e outros 50 ser\u00e3o chamados at\u00e9 o fim deste ano.<\/p>\n<!-- AddThis Advanced Settings generic via filter on the_content --><!-- AddThis Share Buttons generic via filter on the_content -->","protected":false},"excerpt":{"rendered":"<p>O prefeito Roberto Cl\u00e1udio, candidato \u00e0 reelei\u00e7\u00e3o pela coliga\u00e7\u00e3o \u201cFortaleza s\u00f3 tem a ganhar\u201d, participou, nesta segunda-feira (29), de encontro no Sindicato dos M\u00e9dicos do Estado do Cear\u00e1, onde apresentou os diversos avan\u00e7os que Fortaleza teve na \u00e1rea da sa\u00fade. Na ocasi\u00e3o, os representantes do Sindicato dos M\u00e9dicos, da Associa\u00e7\u00e3o M\u00e9dica Cearense (AMC) e do&#8230;<!-- AddThis Advanced Settings generic via filter on wp_trim_excerpt --><!-- AddThis Share Buttons generic via filter on wp_trim_excerpt --><\/p>\n","protected":false},"author":17,"featured_media":0,"comment_status":"closed","ping_status":"open","sticky":false,"template":"","format":"standard","meta":{"_monsterinsights_skip_tracking":false,"_monsterinsights_sitenote_active":false,"_monsterinsights_sitenote_note":"","_monsterinsights_sitenote_category":0,"_uf_show_specific_survey":0,"_uf_disable_surveys":false,"footnotes":""},"categories":[976],"tags":[1237,1238,1071,38,836,1239,1240],"class_list":["post-47587","post","type-post","status-publish","format-standard","hentry","category-noticias-em-destaque","tag-amc","tag-associacao-medica-cearense","tag-fortaleza","tag-pdt","tag-roberto-claudio","tag-unidades-de-pronto-atendimento","tag-upas"],"acf":[],"_links":{"self":[{"href":"https:\/\/pdt-rj.org.br\/index.php\/wp-json\/wp\/v2\/posts\/47587","targetHints":{"allow":["GET"]}}],"collection":[{"href":"https:\/\/pdt-rj.org.br\/index.php\/wp-json\/wp\/v2\/posts"}],"about":[{"href":"https:\/\/pdt-rj.org.br\/index.php\/wp-json\/wp\/v2\/types\/post"}],"author":[{"embeddable":true,"href":"https:\/\/pdt-rj.org.br\/index.php\/wp-json\/wp\/v2\/users\/17"}],"replies":[{"embeddable":true,"href":"https:\/\/pdt-rj.org.br\/index.php\/wp-json\/wp\/v2\/comments?post=47587"}],"version-history":[{"count":1,"href":"https:\/\/pdt-rj.org.br\/index.php\/wp-json\/wp\/v2\/posts\/47587\/revisions"}],"predecessor-version":[{"id":56211,"href":"https:\/\/pdt-rj.org.br\/index.php\/wp-json\/wp\/v2\/posts\/47587\/revisions\/56211"}],"wp:attachment":[{"href":"https:\/\/pdt-rj.org.br\/index.php\/wp-json\/wp\/v2\/media?parent=47587"}],"wp:term":[{"taxonomy":"category","embeddable":true,"href":"https:\/\/pdt-rj.org.br\/index.php\/wp-json\/wp\/v2\/categories?post=47587"},{"taxonomy":"post_tag","embeddable":true,"href":"https:\/\/pdt-rj.org.br\/index.php\/wp-json\/wp\/v2\/tags?post=47587"}],"curies":[{"name":"wp","href":"https:\/\/api.w.org\/{rel}","templated":true}]}}